{"id":43994,"date":"2024-06-11T12:09:28","date_gmt":"2024-06-11T15:09:28","guid":{"rendered":"https:\/\/www.obispado-mdp.org.ar\/a\/?p=43994"},"modified":"2024-06-11T12:09:30","modified_gmt":"2024-06-11T15:09:30","slug":"monsenor-giobando-converso-con-la-jurec-sobre-los-desafios-de-la-educacion","status":"publish","type":"post","link":"https:\/\/www.obispado-mdp.org.ar\/a\/monsenor-giobando-converso-con-la-jurec-sobre-los-desafios-de-la-educacion\/","title":{"rendered":"Monse\u00f1or Giobando convers\u00f3 con la JuREC sobre los desaf\u00edos de la educaci\u00f3n"},"content":{"rendered":"\n<p>La Junta Regional de Educaci\u00f3n Cat\u00f3lica de la di\u00f3cesis mantuvo su reuni\u00f3n mensual, que en esta ocasi\u00f3n cont\u00f3 con la presencia del administrador apost\u00f3lico, monse\u00f1or Ernesto Giobando sj.<\/p>\n\n\n\n<p>Luego de la presentaci\u00f3n de lo realizado en la primera parte del a\u00f1o y de los proyectos en curso, cada Departamento comparti\u00f3 su realidad abarcando as\u00ed las \u00c1reas de Pastoral, ESI, Gesti\u00f3n Educativa, y los aspectos legales y contables de las escuelas.<\/p>\n\n\n\n<p>Con una mirada amplia sobre la realidad, los miembros de la Junta dialogaron con monse\u00f1or Giobando sobre los desaf\u00edos que se nos presentan, buscando generar nuevos espacios para favorecer el discernimiento de la comunidad educativa hacia el nuevo Ideario de Escuelas del Obispado.<\/p>\n\n\n\n<p>Finalmente el Administrador Apost\u00f3lico los anim\u00f3 a \u201csaber siempre inspirar, lo cual es esencial en la educaci\u00f3n, y m\u00e1s all\u00e1 de la coyuntura que toca acompa\u00f1ar, no abandonar los grandes ideales, que nos hacen caminar hoy.\u201d<\/p>\n\n\n\n<figure class=\"wp-block-image size-large\"><img loading=\"lazy\" width=\"1024\" height=\"768\" src=\"https:\/\/www.obispado-mdp.org.ar\/a\/wp-content\/uploads\/2024\/06\/Para-nombramientos-WEB-1024x768.png\" alt=\"\" class=\"wp-image-43995\"\/><\/figure>\n","protected":false},"excerpt":{"rendered":"<p>La Junta Regional de Educaci\u00f3n Cat\u00f3lica de la di\u00f3cesis mantuvo su reuni\u00f3n mensual, que en esta ocasi\u00f3n cont\u00f3 con la presencia del administrador apost\u00f3lico, monse\u00f1or Ernesto Giobando sj. Luego de la presentaci\u00f3n de lo realizado en la primera parte del a\u00f1o y de los proyectos en curso, cada Departamento comparti\u00f3 su realidad abarcando as\u00ed las [&hellip;]<\/p>\n","protected":false},"author":4,"featured_media":0,"comment_status":"open","ping_status":"open","sticky":false,"template":"","format":"standard","meta":{"_et_pb_use_builder":"","_et_pb_old_content":"","_et_gb_content_width":""},"categories":[4],"tags":[],"aioseo_notices":[],"_links":{"self":[{"href":"https:\/\/www.obispado-mdp.org.ar\/a\/wp-json\/wp\/v2\/posts\/43994"}],"collection":[{"href":"https:\/\/www.obispado-mdp.org.ar\/a\/wp-json\/wp\/v2\/posts"}],"about":[{"href":"https:\/\/www.obispado-mdp.org.ar\/a\/wp-json\/wp\/v2\/types\/post"}],"author":[{"embeddable":true,"href":"https:\/\/www.obispado-mdp.org.ar\/a\/wp-json\/wp\/v2\/users\/4"}],"replies":[{"embeddable":true,"href":"https:\/\/www.obispado-mdp.org.ar\/a\/wp-json\/wp\/v2\/comments?post=43994"}],"version-history":[{"count":2,"href":"https:\/\/www.obispado-mdp.org.ar\/a\/wp-json\/wp\/v2\/posts\/43994\/revisions"}],"predecessor-version":[{"id":43997,"href":"https:\/\/www.obispado-mdp.org.ar\/a\/wp-json\/wp\/v2\/posts\/43994\/revisions\/43997"}],"wp:attachment":[{"href":"https:\/\/www.obispado-mdp.org.ar\/a\/wp-json\/wp\/v2\/media?parent=43994"}],"wp:term":[{"taxonomy":"category","embeddable":true,"href":"https:\/\/www.obispado-mdp.org.ar\/a\/wp-json\/wp\/v2\/categories?post=43994"},{"taxonomy":"post_tag","embeddable":true,"href":"https:\/\/www.obispado-mdp.org.ar\/a\/wp-json\/wp\/v2\/tags?post=43994"}],"curies":[{"name":"wp","href":"https:\/\/api.w.org\/{rel}","templated":true}]}}