{"id":44070,"date":"2024-06-21T18:54:46","date_gmt":"2024-06-21T21:54:46","guid":{"rendered":"https:\/\/www.obispado-mdp.org.ar\/a\/?p=44070"},"modified":"2024-06-22T13:25:37","modified_gmt":"2024-06-22T16:25:37","slug":"en-la-misa-por-las-madres-de-la-patria-monsenor-giobando-pidio-poder-acompanar-a-los-que-mas-sufren","status":"publish","type":"post","link":"https:\/\/www.obispado-mdp.org.ar\/a\/en-la-misa-por-las-madres-de-la-patria-monsenor-giobando-pidio-poder-acompanar-a-los-que-mas-sufren\/","title":{"rendered":"En la Misa por las \u201cmadres de la Patria\u201d, monse\u00f1or Giobando pidi\u00f3 poder acompa\u00f1ar a los que m\u00e1s sufren"},"content":{"rendered":"\n<p>Con la muestra itinerante por el 50 aniversario del asesinato del padre Carlos Mugica rodeando los muros del templo, la Parroquia Santa Rita recibi\u00f3 este jueves 20 a numerosos fieles que asistieron para agradecer a Dios por el servicio de las mujeres que cocinan en los comedores de los barrios, replicando as\u00ed una iniciativa eclesial de alcance nacional. Finalizada la Eucarist\u00eda se bendijo a las voluntarias \u2013y tambi\u00e9n a los voluntarios presentes-, y se les brind\u00f3 un reconocimiento por su labor. La Misa fue presidida por el administrador apost\u00f3lico, monse\u00f1or Ernesto Giobando sj., y concelebrada por una decena de sacerdotes.<\/p>\n\n\n\n<p>En un clima de oraci\u00f3n y de mucha emoci\u00f3n visiblemente expresada en el rostro de algunas de las mujeres presentes, el Obispo les pidi\u00f3 que \u201cno se cansen\u201d y destac\u00f3 al comentar la lectura del Primer libro de los Reyes, que \u201cla viuda de Sarepta fue generosa, ya que con lo poquito que ten\u00eda pudo hacer para todos y no le falt\u00f3 nada\u201d, a la vez que la compar\u00f3 con las mujeres que trabajan en los comedores, \u201cque tantas veces con muy poco se las arreglan y le agregan amor, ya que sin amor llenamos el est\u00f3mago pero no el alma.\u201d Seguidamente enfatiz\u00f3 que \u201cnecesitamos que los pap\u00e1s puedan elegir qu\u00e9 darle de desayunar a sus hijos, que es una de las frases que m\u00e1s me impact\u00f3 al escuch\u00e1rsela a un pap\u00e1 ni bien llegu\u00e9 a Mar del Plata.\u201d<\/p>\n\n\n\n<p>Al referirse a la figura del padre Carlos Mugica, monse\u00f1or Giobando cont\u00f3 que estuvo 10 a\u00f1os en Flores, muy cerca de la vida de los Hogares\u00a0de\u00a0Cristo \u2013en Buenos Aires- donde fue muy fuerte la presencia del padre Carlos, pero expres\u00f3 su \u201calegr\u00eda por poder celebrar este aniversario ac\u00e1 en Mar del Plata, donde hoy me toca acompa\u00f1ar\u201d.<\/p>\n\n\n\n<p>Y agreg\u00f3 \u201cac\u00e1 hay quienes son pobres de verdad, que son los que nos tienen que ense\u00f1ar a todos a vivir austeramente, porque eso no se aprende en la universidad sino caminando, acompa\u00f1ando, embarr\u00e1ndose.\u201d \u201cDios quiera que alguna vez los pobres nos digan \u2018te aceptamos, te queremos, te amamos\u2019. Es el regalo m\u00e1s grande para un pastor, y ese es el regalo que tuvo el padre Carlos: \u00e9l quiso acompa\u00f1ar a la gente m\u00e1s despose\u00edda y ellos lo aceptaron como alguien que se jug\u00f3 por ellos, en un contexto muy dif\u00edcil\u201d, sostuvo.<\/p>\n\n\n\n<p>\u201cPidamos la gracia de acompa\u00f1ar a los que m\u00e1s sufren\u201d, exhort\u00f3, y explic\u00f3 que \u201csi bien como sacerdotes tenemos que acompa\u00f1ar a todos, Jes\u00fas en la sinagoga dijo que fue enviado a evangelizar a los pobres.\u201d \u201cNecesitamos esa pobreza evang\u00e9lica que es despojarnos de nosotros para poner a Cristo en el coraz\u00f3n. Por eso pedimos un coraz\u00f3n pobre, para tener esperanza, una esperanza con la que tenemos que colaborar, haciendo que se achique la espera de los que m\u00e1s sufren, poniendo cada uno lo que nos toca\u201d, continu\u00f3.<\/p>\n\n\n\n<p>Finalmente, refiri\u00e9ndose al Evangelio seg\u00fan San Mateo que se proclam\u00f3 (en el que Jes\u00fas ense\u00f1a el Padrenuestro), monse\u00f1or Giobando destac\u00f3 que \u201cel pan de cada d\u00eda, ese pan que es fruto del trabajo, ese pan que se comparte y es signo de comuni\u00f3n, hoy no nos puede faltar.\u201d Y comentando otra de las peticiones de la Oraci\u00f3n del Se\u00f1or, asever\u00f3 que \u201ctenemos que aprender a pedir perd\u00f3n: \u2018perdona nuestras ofensas\u2019, no s\u00f3lo por los pecados personales, sino tambi\u00e9n por los pecados sociales como la indiferencia, el ego\u00edsmo, la cultura del descarte de la que tanto nos habla el papa Francisco.\u201d<\/p>\n\n\n\n<p>\u201cTenemos que pedir perd\u00f3n por no ser m\u00e1s hermanos, por no dar una mano al que lo necesita, o por malgastar en vicios y en tantas cosas que nos destruyen como sociedad\u201d, agreg\u00f3, y continu\u00f3 \u201cyo tambi\u00e9n pido perd\u00f3n por no generar espacios de mayor encuentro, por no ayudar todo lo que puedo, por los esc\u00e1ndalos que a veces hay en la Iglesia.\u201d<\/p>\n\n\n\n<p>\u201cLos pobres esperan pero muchas veces no podemos darles porque no somos campeones de la caridad sino necesitados de la caridad. Por eso pedimos a Dios la gracia de la conversi\u00f3n para que todos nos sintamos m\u00e1s hermanos y hermanas\u201d,&nbsp;concluy\u00f3.<\/p>\n\n\n\n<figure class=\"wp-block-image size-large\"><img loading=\"lazy\" width=\"1024\" height=\"768\" src=\"https:\/\/www.obispado-mdp.org.ar\/a\/wp-content\/uploads\/2024\/06\/Imagen-de-WhatsApp-2024-06-20-a-las-23.05.57_4dea3a02-1024x768.jpg\" alt=\"\" class=\"wp-image-44071\"\/><\/figure>\n\n\n\n<figure class=\"wp-block-image size-large is-resized\"><img loading=\"lazy\" src=\"https:\/\/www.obispado-mdp.org.ar\/a\/wp-content\/uploads\/2024\/06\/Imagen-de-WhatsApp-2024-06-20-a-las-23.06.02_86472f92-768x1024.jpg\" alt=\"\" class=\"wp-image-44072\" width=\"819\" height=\"1092\"\/><\/figure>\n","protected":false},"excerpt":{"rendered":"<p>Con la muestra itinerante por el 50 aniversario del asesinato del padre Carlos Mugica rodeando los muros del templo, la Parroquia Santa Rita recibi\u00f3 este jueves 20 a numerosos fieles que asistieron para agradecer a Dios por el servicio de las mujeres que cocinan en los comedores de los barrios, replicando as\u00ed una iniciativa eclesial [&hellip;]<\/p>\n","protected":false},"author":4,"featured_media":0,"comment_status":"open","ping_status":"open","sticky":false,"template":"","format":"standard","meta":{"_et_pb_use_builder":"","_et_pb_old_content":"","_et_gb_content_width":""},"categories":[4],"tags":[],"aioseo_notices":[],"_links":{"self":[{"href":"https:\/\/www.obispado-mdp.org.ar\/a\/wp-json\/wp\/v2\/posts\/44070"}],"collection":[{"href":"https:\/\/www.obispado-mdp.org.ar\/a\/wp-json\/wp\/v2\/posts"}],"about":[{"href":"https:\/\/www.obispado-mdp.org.ar\/a\/wp-json\/wp\/v2\/types\/post"}],"author":[{"embeddable":true,"href":"https:\/\/www.obispado-mdp.org.ar\/a\/wp-json\/wp\/v2\/users\/4"}],"replies":[{"embeddable":true,"href":"https:\/\/www.obispado-mdp.org.ar\/a\/wp-json\/wp\/v2\/comments?post=44070"}],"version-history":[{"count":2,"href":"https:\/\/www.obispado-mdp.org.ar\/a\/wp-json\/wp\/v2\/posts\/44070\/revisions"}],"predecessor-version":[{"id":44083,"href":"https:\/\/www.obispado-mdp.org.ar\/a\/wp-json\/wp\/v2\/posts\/44070\/revisions\/44083"}],"wp:attachment":[{"href":"https:\/\/www.obispado-mdp.org.ar\/a\/wp-json\/wp\/v2\/media?parent=44070"}],"wp:term":[{"taxonomy":"category","embeddable":true,"href":"https:\/\/www.obispado-mdp.org.ar\/a\/wp-json\/wp\/v2\/categories?post=44070"},{"taxonomy":"post_tag","embeddable":true,"href":"https:\/\/www.obispado-mdp.org.ar\/a\/wp-json\/wp\/v2\/tags?post=44070"}],"curies":[{"name":"wp","href":"https:\/\/api.w.org\/{rel}","templated":true}]}}