{"id":44103,"date":"2024-06-24T19:20:58","date_gmt":"2024-06-24T22:20:58","guid":{"rendered":"https:\/\/www.obispado-mdp.org.ar\/a\/?p=44103"},"modified":"2024-06-24T19:20:59","modified_gmt":"2024-06-24T22:20:59","slug":"la-diocesis-de-mar-del-plata-presente-en-el-encuentro-regional-de-animacion-misionera","status":"publish","type":"post","link":"https:\/\/www.obispado-mdp.org.ar\/a\/la-diocesis-de-mar-del-plata-presente-en-el-encuentro-regional-de-animacion-misionera\/","title":{"rendered":"La di\u00f3cesis de Mar del Plata, presente en el Encuentro Regional de Animaci\u00f3n Misionera"},"content":{"rendered":"\n<p>Representantes de los organismos diocesanos referidos a la misi\u00f3n provenientes de las distintas jurisdicciones eclesi\u00e1sticas que integran la Regi\u00f3n Platense, se encontraron los d\u00edas 20 y 21 en la ciudad de La Plata, para compartir experiencias misioneras y proyectar caminos juntos como regi\u00f3n y en cada una de las di\u00f3cesis. El lema que los gui\u00f3 fue \u201cVayan e inviten a todos al banquete\u201d.<\/p>\n\n\n\n<p>Por parte de nuestra di\u00f3cesis, Mariana Maceiro fue la encargada de representar al Secretariado de Evangelizaci\u00f3n Renovada y de compartir junto a otras 80 personas de las di\u00f3cesis de Azul, Chascom\u00fas y La Pampa y las arquidi\u00f3cesis de Bah\u00eda Blanca y La Plata, momentos de oraci\u00f3n, animaci\u00f3n, trabajo en grupos y una procesi\u00f3n hacia la Iglesia Catedral, donde los participantes celebraron la Santa Misa, que fue presidida por monse\u00f1or Jorge Gonz\u00e1lez, obispo auxiliar de La Plata.<\/p>\n\n\n\n<p>En ese marco, Mariana pudo compartir los detalles de la Misi\u00f3n Diocesana llevada adelante en nuestra di\u00f3cesis en 2023, e intercambiar experiencias para enriquecer la labor del mencionado Secretariado que acompa\u00f1a en nuestra di\u00f3cesis lo referente a la misi\u00f3n y la evangelizaci\u00f3n renovada, a la luz de los lineamientos del S\u00ednodo Diocesano.<\/p>\n\n\n\n<figure class=\"wp-block-image size-large\"><img loading=\"lazy\" width=\"1024\" height=\"768\" src=\"https:\/\/www.obispado-mdp.org.ar\/a\/wp-content\/uploads\/2024\/06\/448842433_1093524482198557_1496924262320008540_n-1-1024x768.jpg\" alt=\"\" class=\"wp-image-44105\"\/><figcaption><strong><a href=\"Foto:  gentileza Arzobispado\u00a0de\u00a0La\u00a0Plata\">Foto:  Gentileza Arzobispado\u00a0de\u00a0La\u00a0Plata<\/a><\/strong><\/figcaption><\/figure>\n","protected":false},"excerpt":{"rendered":"<p>Representantes de los organismos diocesanos referidos a la misi\u00f3n provenientes de las distintas jurisdicciones eclesi\u00e1sticas que integran la Regi\u00f3n Platense, se encontraron los d\u00edas 20 y 21 en la ciudad de La Plata, para compartir experiencias misioneras y proyectar caminos juntos como regi\u00f3n y en cada una de las di\u00f3cesis. El lema que los gui\u00f3 [&hellip;]<\/p>\n","protected":false},"author":4,"featured_media":0,"comment_status":"open","ping_status":"open","sticky":false,"template":"","format":"standard","meta":{"_et_pb_use_builder":"","_et_pb_old_content":"","_et_gb_content_width":""},"categories":[4],"tags":[],"aioseo_notices":[],"_links":{"self":[{"href":"https:\/\/www.obispado-mdp.org.ar\/a\/wp-json\/wp\/v2\/posts\/44103"}],"collection":[{"href":"https:\/\/www.obispado-mdp.org.ar\/a\/wp-json\/wp\/v2\/posts"}],"about":[{"href":"https:\/\/www.obispado-mdp.org.ar\/a\/wp-json\/wp\/v2\/types\/post"}],"author":[{"embeddable":true,"href":"https:\/\/www.obispado-mdp.org.ar\/a\/wp-json\/wp\/v2\/users\/4"}],"replies":[{"embeddable":true,"href":"https:\/\/www.obispado-mdp.org.ar\/a\/wp-json\/wp\/v2\/comments?post=44103"}],"version-history":[{"count":3,"href":"https:\/\/www.obispado-mdp.org.ar\/a\/wp-json\/wp\/v2\/posts\/44103\/revisions"}],"predecessor-version":[{"id":44108,"href":"https:\/\/www.obispado-mdp.org.ar\/a\/wp-json\/wp\/v2\/posts\/44103\/revisions\/44108"}],"wp:attachment":[{"href":"https:\/\/www.obispado-mdp.org.ar\/a\/wp-json\/wp\/v2\/media?parent=44103"}],"wp:term":[{"taxonomy":"category","embeddable":true,"href":"https:\/\/www.obispado-mdp.org.ar\/a\/wp-json\/wp\/v2\/categories?post=44103"},{"taxonomy":"post_tag","embeddable":true,"href":"https:\/\/www.obispado-mdp.org.ar\/a\/wp-json\/wp\/v2\/tags?post=44103"}],"curies":[{"name":"wp","href":"https:\/\/api.w.org\/{rel}","templated":true}]}}