{"id":44109,"date":"2024-06-26T09:06:43","date_gmt":"2024-06-26T12:06:43","guid":{"rendered":"https:\/\/www.obispado-mdp.org.ar\/a\/?p=44109"},"modified":"2024-06-26T09:06:43","modified_gmt":"2024-06-26T12:06:43","slug":"patronales-de-la-parroquia-san-juan-bautista","status":"publish","type":"post","link":"https:\/\/www.obispado-mdp.org.ar\/a\/patronales-de-la-parroquia-san-juan-bautista\/","title":{"rendered":"Patronales de la Parroquia San Juan Bautista"},"content":{"rendered":"\n<p>El pasado lunes 24 de junio, Solemnidad del Nacimiento de San Juan Bautista, la Parroquia que lo tiene como Patrono celebr\u00f3 su Fiesta Patronal.<\/p>\n\n\n\n<p> Numerosos fieles se acercaron al templo ubicado en la calle San Juan entre Castelli y Alvarado, en la ciudad de Mar del Plata, para participar de las celebraci\u00f3n, que fue presidida por el administrador apost\u00f3lico, monse\u00f1or Ernesto Giobando.<\/p>\n\n\n\n<p> El domingo, al celebrar las v\u00edsperas de la solemnidad, hab\u00eda tenido lugar la \u201cNoche de San Juan\u201d, que comenz\u00f3 con la bendici\u00f3n del fuego y sigui\u00f3 con un festival.<\/p>\n\n\n\n<p>La Misa central fue concelebrada por el cura p\u00e1rroco, presb\u00edtero Luciano Alzueta, y por los presb\u00edteros Arturo Pessagno, Santiago Arriola, David Ochoa y Silvano De Sarro.<\/p>\n\n\n\n<p><\/p>\n\n\n\n<p><\/p>\n\n\n\n<figure class=\"wp-block-image size-large\"><img loading=\"lazy\" width=\"1024\" height=\"768\" src=\"https:\/\/www.obispado-mdp.org.ar\/a\/wp-content\/uploads\/2024\/06\/Imagen-de-WhatsApp-2024-06-24-a-las-18.33.43_80836324-1024x768.jpg\" alt=\"\" class=\"wp-image-44110\"\/><\/figure>\n\n\n\n<figure class=\"wp-block-image size-large is-resized\"><img loading=\"lazy\" src=\"https:\/\/www.obispado-mdp.org.ar\/a\/wp-content\/uploads\/2024\/06\/Imagen-de-WhatsApp-2024-06-24-a-las-18.33.42_72437f74-1024x768.jpg\" alt=\"\" class=\"wp-image-44111\" width=\"821\" height=\"615\"\/><\/figure>\n\n\n\n<figure class=\"wp-block-image size-large\"><img loading=\"lazy\" width=\"1024\" height=\"768\" src=\"https:\/\/www.obispado-mdp.org.ar\/a\/wp-content\/uploads\/2024\/06\/Imagen-de-WhatsApp-2024-06-24-a-las-18.51.43_d9a0cf8a-1024x768.jpg\" alt=\"\" class=\"wp-image-44114\"\/><\/figure>\n\n\n\n<figure class=\"wp-block-image size-large\"><img loading=\"lazy\" width=\"1024\" height=\"768\" src=\"https:\/\/www.obispado-mdp.org.ar\/a\/wp-content\/uploads\/2024\/06\/Imagen-de-WhatsApp-2024-06-24-a-las-18.33.43_93d7c094-1024x768.jpg\" alt=\"\" class=\"wp-image-44112\"\/><\/figure>\n","protected":false},"excerpt":{"rendered":"<p>El pasado lunes 24 de junio, Solemnidad del Nacimiento de San Juan Bautista, la Parroquia que lo tiene como Patrono celebr\u00f3 su Fiesta Patronal. Numerosos fieles se acercaron al templo ubicado en la calle San Juan entre Castelli y Alvarado, en la ciudad de Mar del Plata, para participar de las celebraci\u00f3n, que fue presidida [&hellip;]<\/p>\n","protected":false},"author":4,"featured_media":0,"comment_status":"open","ping_status":"open","sticky":false,"template":"","format":"standard","meta":{"_et_pb_use_builder":"","_et_pb_old_content":"","_et_gb_content_width":""},"categories":[4],"tags":[],"aioseo_notices":[],"_links":{"self":[{"href":"https:\/\/www.obispado-mdp.org.ar\/a\/wp-json\/wp\/v2\/posts\/44109"}],"collection":[{"href":"https:\/\/www.obispado-mdp.org.ar\/a\/wp-json\/wp\/v2\/posts"}],"about":[{"href":"https:\/\/www.obispado-mdp.org.ar\/a\/wp-json\/wp\/v2\/types\/post"}],"author":[{"embeddable":true,"href":"https:\/\/www.obispado-mdp.org.ar\/a\/wp-json\/wp\/v2\/users\/4"}],"replies":[{"embeddable":true,"href":"https:\/\/www.obispado-mdp.org.ar\/a\/wp-json\/wp\/v2\/comments?post=44109"}],"version-history":[{"count":4,"href":"https:\/\/www.obispado-mdp.org.ar\/a\/wp-json\/wp\/v2\/posts\/44109\/revisions"}],"predecessor-version":[{"id":44117,"href":"https:\/\/www.obispado-mdp.org.ar\/a\/wp-json\/wp\/v2\/posts\/44109\/revisions\/44117"}],"wp:attachment":[{"href":"https:\/\/www.obispado-mdp.org.ar\/a\/wp-json\/wp\/v2\/media?parent=44109"}],"wp:term":[{"taxonomy":"category","embeddable":true,"href":"https:\/\/www.obispado-mdp.org.ar\/a\/wp-json\/wp\/v2\/categories?post=44109"},{"taxonomy":"post_tag","embeddable":true,"href":"https:\/\/www.obispado-mdp.org.ar\/a\/wp-json\/wp\/v2\/tags?post=44109"}],"curies":[{"name":"wp","href":"https:\/\/api.w.org\/{rel}","templated":true}]}}