{"id":44133,"date":"2024-06-27T20:42:36","date_gmt":"2024-06-27T23:42:36","guid":{"rendered":"https:\/\/www.obispado-mdp.org.ar\/a\/?p=44133"},"modified":"2024-06-27T23:47:43","modified_gmt":"2024-06-28T02:47:43","slug":"misa-en-el-dia-internacional-de-la-lucha-contra-el-uso-indebido-y-el-trafico-ilicito-de-drogas","status":"publish","type":"post","link":"https:\/\/www.obispado-mdp.org.ar\/a\/misa-en-el-dia-internacional-de-la-lucha-contra-el-uso-indebido-y-el-trafico-ilicito-de-drogas\/","title":{"rendered":"Misa en el \u201cD\u00eda Internacional de la Lucha contra el Uso Indebido y el Tr\u00e1fico Il\u00edcito de Drogas\u201d"},"content":{"rendered":"\n<p>El mi\u00e9rcoles 26 monse\u00f1or Ernesto Giobando presidi\u00f3 una Misa en la Catedral, en la que la Pastoral de Adicciones de nuestra di\u00f3cesis ofreci\u00f3 su apostolado destinado a quienes atraviesan el consumo problem\u00e1tico de drogas.<\/p>\n\n\n\n<p> La celebraci\u00f3n se desarroll\u00f3 en el marco del \u201cD\u00eda Internacional de la Lucha contra el Uso Indebido y el Tr\u00e1fico Il\u00edcito de Drogas.\u201d<\/p>\n\n\n\n<p>El Administrador Apost\u00f3lico comenz\u00f3 su homil\u00eda aseverando que \u201cel camino para luchar contra este flagelo es el amor: amor a Dios, a uno mismo y al pr\u00f3jimo\u201d. <\/p>\n\n\n\n<p>Y comentando el Evangelio se refiri\u00f3 a los \u201cfalsos profetas con piel de ovejas pero que por dentro son lobos rapaces, que hoy son los que te proponen una vida feliz y despu\u00e9s te dejan sin nada: sin amor propio, sin familia, \u00a1pero no est\u00e1 todo perdido!\u201d.<\/p>\n\n\n\n<p>En esa l\u00ednea coment\u00f3 \u201chace pocos d\u00edas, sal\u00ed con la Noche de la Caridad y me encontr\u00e9 con un chico de unos 25 a\u00f1os que me dijo \u2018padre, \u00bfno me da una bendici\u00f3n?, porque no tengo nada, perd\u00ed todo\u2019 y le dije \u2018no est\u00e1 todo perdido porque hoy est\u00e1s ac\u00e1 pero ma\u00f1ana pod\u00e9s empezar a cambiar tu vida\u2019.<\/p>\n\n\n\n<p> Lo invit\u00e9 al Hogar de Cristo, que es un camino cercano y es de salvaci\u00f3n porque es un hogar, y lo que m\u00e1s necesitamos en nuestra vida es un hogar, una familia, y el Hogar de Cristo es una familia grande.<\/p>\n\n\n\n<p>\u201dSeguidamente cit\u00f3 fragmentos de la catequesis de ese d\u00eda del papa Francisco, quien la dedic\u00f3 precisamente a ese D\u00eda Internacional, e invit\u00f3 a todos a leerlo, destacando que \u201ces una de las pocas voces mundiales que se alza con claridad sobre esto.\u201d<\/p>\n\n\n\n<p>Y asever\u00f3 \u201choy pareciera que nuestra sociedad no puede vivir sin adicciones, ya que aparecen propuestas por todos lados, por ejemplo ayer antes del partido, se hablaba de las apuestas, \u00a1hoy todo est\u00e1 te\u00f1ido de la adicci\u00f3n!\u201d.<\/p>\n\n\n\n<p>\u201cEl d\u00eda que empiezo a hablar de lo que me pasa y no consumo es un d\u00eda ganado, \u00a1y vaya que cada d\u00eda cuenta! <\/p>\n\n\n\n<p>Se cuentan los d\u00edas, hasta las horas sin consumo porque es la constataci\u00f3n de la resurrecci\u00f3n. <\/p>\n\n\n\n<p>Cada d\u00eda que no consum\u00eds empezas a resucitar\u201d, finaliz\u00f3.<\/p>\n\n\n\n<p>Catequesis del Santo Padre Francisco con motivo del D\u00eda Internacional de la Lucha contra el Uso Indebido y el Tr\u00e1fico Il\u00edcito de Drogas: <\/p>\n\n\n\n<p>https:\/\/press.vatican.va\/content\/salastampa\/es\/bollettino\/pubblico\/2024\/06\/26\/260624b.html<\/p>\n\n\n\n<p><\/p>\n\n\n\n<p><\/p>\n\n\n\n<figure class=\"wp-block-image size-large\"><img loading=\"lazy\" width=\"1024\" height=\"576\" src=\"https:\/\/www.obispado-mdp.org.ar\/a\/wp-content\/uploads\/2024\/06\/mensaje-de-mons.giobando-1-1024x576.png\" alt=\"\" class=\"wp-image-44134\"\/><\/figure>\n\n\n\n<figure class=\"wp-block-image size-large\"><img loading=\"lazy\" width=\"1024\" height=\"768\" src=\"https:\/\/www.obispado-mdp.org.ar\/a\/wp-content\/uploads\/2024\/06\/Imagen-de-WhatsApp-2024-06-26-a-las-18.39.05_704c146c-1024x768.jpg\" alt=\"\" class=\"wp-image-44135\"\/><\/figure>\n","protected":false},"excerpt":{"rendered":"<p>El mi\u00e9rcoles 26 monse\u00f1or Ernesto Giobando presidi\u00f3 una Misa en la Catedral, en la que la Pastoral de Adicciones de nuestra di\u00f3cesis ofreci\u00f3 su apostolado destinado a quienes atraviesan el consumo problem\u00e1tico de drogas. La celebraci\u00f3n se desarroll\u00f3 en el marco del \u201cD\u00eda Internacional de la Lucha contra el Uso Indebido y el Tr\u00e1fico Il\u00edcito [&hellip;]<\/p>\n","protected":false},"author":4,"featured_media":0,"comment_status":"open","ping_status":"open","sticky":false,"template":"","format":"standard","meta":{"_et_pb_use_builder":"","_et_pb_old_content":"","_et_gb_content_width":""},"categories":[4],"tags":[],"aioseo_notices":[],"_links":{"self":[{"href":"https:\/\/www.obispado-mdp.org.ar\/a\/wp-json\/wp\/v2\/posts\/44133"}],"collection":[{"href":"https:\/\/www.obispado-mdp.org.ar\/a\/wp-json\/wp\/v2\/posts"}],"about":[{"href":"https:\/\/www.obispado-mdp.org.ar\/a\/wp-json\/wp\/v2\/types\/post"}],"author":[{"embeddable":true,"href":"https:\/\/www.obispado-mdp.org.ar\/a\/wp-json\/wp\/v2\/users\/4"}],"replies":[{"embeddable":true,"href":"https:\/\/www.obispado-mdp.org.ar\/a\/wp-json\/wp\/v2\/comments?post=44133"}],"version-history":[{"count":3,"href":"https:\/\/www.obispado-mdp.org.ar\/a\/wp-json\/wp\/v2\/posts\/44133\/revisions"}],"predecessor-version":[{"id":44140,"href":"https:\/\/www.obispado-mdp.org.ar\/a\/wp-json\/wp\/v2\/posts\/44133\/revisions\/44140"}],"wp:attachment":[{"href":"https:\/\/www.obispado-mdp.org.ar\/a\/wp-json\/wp\/v2\/media?parent=44133"}],"wp:term":[{"taxonomy":"category","embeddable":true,"href":"https:\/\/www.obispado-mdp.org.ar\/a\/wp-json\/wp\/v2\/categories?post=44133"},{"taxonomy":"post_tag","embeddable":true,"href":"https:\/\/www.obispado-mdp.org.ar\/a\/wp-json\/wp\/v2\/tags?post=44133"}],"curies":[{"name":"wp","href":"https:\/\/api.w.org\/{rel}","templated":true}]}}