{"id":44198,"date":"2024-10-01T18:30:00","date_gmt":"2024-10-01T21:30:00","guid":{"rendered":"https:\/\/www.obispado-mdp.org.ar\/a\/?p=44198"},"modified":"2024-07-02T08:30:09","modified_gmt":"2024-07-02T11:30:09","slug":"evangelio-segun-san-mateo-181-5-10-3","status":"publish","type":"post","link":"https:\/\/www.obispado-mdp.org.ar\/a\/evangelio-segun-san-mateo-181-5-10-3\/","title":{"rendered":"Evangelio seg\u00fan\u00a0San\u00a0Mateo\u00a018,1-5.10."},"content":{"rendered":"\n<p>En aquel momento los disc\u00edpulos se acercaron a Jes\u00fas para preguntarle: \u00ab\u00bfQui\u00e9n es el m\u00e1s grande en el Reino de los Cielos?\u00bb.<br>Jes\u00fas llam\u00f3 a un ni\u00f1o, lo puso en medio de ellos<br>y dijo: \u00abLes aseguro que si ustedes no cambian o no se hacen como ni\u00f1os, no entrar\u00e1n en el Reino de los Cielos.<br>Por lo tanto, el que se haga peque\u00f1o como este ni\u00f1o, ser\u00e1 el m\u00e1s grande en el Reino de los Cielos.<br>El que recibe a uno de estos peque\u00f1os en mi Nombre, me recibe a m\u00ed mismo.<br>Cu\u00eddense de despreciar a cualquiera de estos peque\u00f1os, porque les aseguro que sus \u00e1ngeles en el cielo est\u00e1n constantemente en presencia de mi Padre celestial.\u00bb<\/p>\n\n\n\n<p class=\"has-text-align-right\"><em>Extra\u00eddo de la Biblia: Libro del Pueblo de Dios. <\/em><\/p>\n","protected":false},"excerpt":{"rendered":"<p>En aquel momento los disc\u00edpulos se acercaron a Jes\u00fas para preguntarle: \u00ab\u00bfQui\u00e9n es el m\u00e1s grande en el Reino de los Cielos?\u00bb.Jes\u00fas llam\u00f3 a un ni\u00f1o, lo puso en medio de ellosy dijo: \u00abLes aseguro que si ustedes no cambian o no se hacen como ni\u00f1os, no entrar\u00e1n en el Reino de los Cielos.Por lo [&hellip;]<\/p>\n","protected":false},"author":3,"featured_media":31453,"comment_status":"open","ping_status":"closed","sticky":false,"template":"","format":"standard","meta":{"_et_pb_use_builder":"off","_et_pb_old_content":"<!-- wp:paragraph -->\n<p> Al atardecer de ese mismo d\u00eda, el primero de la semana, estando cerradas las puertas del lugar donde se encontraban los disc\u00edpulos, por temor a los jud\u00edos, lleg\u00f3 Jes\u00fas y poni\u00e9ndose en medio de ellos, les dijo: \"\u00a1La paz est\u00e9 con ustedes!\".<br>Mientras dec\u00eda esto, les mostr\u00f3 sus manos y su costado. Los disc\u00edpulos se llenaron de alegr\u00eda cuando vieron al Se\u00f1or.<br>Jes\u00fas les dijo de nuevo: \"\u00a1La paz est\u00e9 con ustedes! Como el Padre me envi\u00f3 a m\u00ed, yo tambi\u00e9n los env\u00edo a ustedes\".<br>Al decirles esto, sopl\u00f3 sobre ellos y a\u00f1adi\u00f3: \"Reciban el Esp\u00edritu Santo.<br>Los pecados ser\u00e1n perdonados a los que ustedes se los perdonen, y ser\u00e1n retenidos a los que ustedes se los retengan\". <\/p>\n<!-- \/wp:paragraph -->\n\n<!-- wp:paragraph {\"align\":\"right\"} -->\n<p class=\"has-text-align-right\"><em>Extra\u00eddo de la Biblia: Libro del Pueblo de Dios. <\/em><\/p>\n<!-- \/wp:paragraph -->","_et_gb_content_width":""},"categories":[6],"tags":[],"aioseo_notices":[],"_links":{"self":[{"href":"https:\/\/www.obispado-mdp.org.ar\/a\/wp-json\/wp\/v2\/posts\/44198"}],"collection":[{"href":"https:\/\/www.obispado-mdp.org.ar\/a\/wp-json\/wp\/v2\/posts"}],"about":[{"href":"https:\/\/www.obispado-mdp.org.ar\/a\/wp-json\/wp\/v2\/types\/post"}],"author":[{"embeddable":true,"href":"https:\/\/www.obispado-mdp.org.ar\/a\/wp-json\/wp\/v2\/users\/3"}],"replies":[{"embeddable":true,"href":"https:\/\/www.obispado-mdp.org.ar\/a\/wp-json\/wp\/v2\/comments?post=44198"}],"version-history":[{"count":1,"href":"https:\/\/www.obispado-mdp.org.ar\/a\/wp-json\/wp\/v2\/posts\/44198\/revisions"}],"predecessor-version":[{"id":44199,"href":"https:\/\/www.obispado-mdp.org.ar\/a\/wp-json\/wp\/v2\/posts\/44198\/revisions\/44199"}],"wp:featuredmedia":[{"embeddable":true,"href":"https:\/\/www.obispado-mdp.org.ar\/a\/wp-json\/wp\/v2\/media\/31453"}],"wp:attachment":[{"href":"https:\/\/www.obispado-mdp.org.ar\/a\/wp-json\/wp\/v2\/media?parent=44198"}],"wp:term":[{"taxonomy":"category","embeddable":true,"href":"https:\/\/www.obispado-mdp.org.ar\/a\/wp-json\/wp\/v2\/categories?post=44198"},{"taxonomy":"post_tag","embeddable":true,"href":"https:\/\/www.obispado-mdp.org.ar\/a\/wp-json\/wp\/v2\/tags?post=44198"}],"curies":[{"name":"wp","href":"https:\/\/api.w.org\/{rel}","templated":true}]}}