{"id":44215,"date":"2024-07-07T10:55:44","date_gmt":"2024-07-07T13:55:44","guid":{"rendered":"https:\/\/www.obispado-mdp.org.ar\/a\/?p=44215"},"modified":"2024-07-07T10:55:45","modified_gmt":"2024-07-07T13:55:45","slug":"necochea-celebro-el-2do-aniversario-del-hogar-el-samaritano","status":"publish","type":"post","link":"https:\/\/www.obispado-mdp.org.ar\/a\/necochea-celebro-el-2do-aniversario-del-hogar-el-samaritano\/","title":{"rendered":"Necochea celebr\u00f3 el 2do. aniversario del Hogar El Samaritano"},"content":{"rendered":"\n<p><\/p>\n\n\n\n<p>En el marco de los festejos por el segundo aniversario desde el inicio de sus actividades, el Hogar El Samaritano de la ciudad de Necochea llev\u00f3 adelante una celebraci\u00f3n en la que se impuso el nombre del padre Francisco Ardanaz a uno de sus salones.<\/p>\n\n\n\n<p> El sacerdote, hermano de monse\u00f1or Alfredo Ardanaz -que fue el propulsor de la obra- fue quien continu\u00f3 d\u00e1ndole impulso mientras desempe\u00f1\u00f3 su ministerio sacerdotal en la Parroquia Nuestra Se\u00f1ora del Rosario de Pompeya, de esa localidad.<\/p>\n\n\n\n<p>Monse\u00f1or Ernesto Giobando tuvo a cargo la bendici\u00f3n del sal\u00f3n, mientras que la presidente de la Comisi\u00f3n del Hogar, Cecilia Gamboa, lo acompa\u00f1\u00f3 en el descubrimiento de la placa alusiva. <\/p>\n\n\n\n<p>Por su parte, el cura p\u00e1rroco, padre Fernando Mendoza, ley\u00f3 una oraci\u00f3n y acompa\u00f1\u00f3 al Administrador Apost\u00f3lico a recorrer las instalaciones roci\u00e1ndolas con agua bendita.<\/p>\n\n\n\n<p>Gamboa dirigi\u00f3 unas palabras a los presentes en las que agradeci\u00f3 a Dios y a todos los que hicieron posible que luego de 22 a\u00f1os de trabajo haya sido posible la inauguraci\u00f3n del lugar en 2022, destacando la generosidad del matrimonio Peralta, que don\u00f3 el terreno donde hoy se erige la sede.<\/p>\n\n\n\n<p>Cabe destacar que el lugar aloja en la actualidad a m\u00e1s de cuarenta talleres que tienen como eje la inclusi\u00f3n y la participaci\u00f3n de personas de la tercera edad.<\/p>\n\n\n\n<p>Los mismos abarcan distintas actividades tales como memoria cognitiva, crochet, tejido, bordado, pintura art\u00edstica, armado de mu\u00f1ecos, ajedrez, lengua de se\u00f1as, canto, entre otros. <\/p>\n\n\n\n<p>Asimismo hay espacios de espiritualidad tales como el taller \u201cCon Jes\u00fas al caer la tarde\u201d o el de Pastoral del Duelo, dictado por las Hermanas Canossianas.<\/p>\n\n\n\n<p>Como cierre del acto, los tres talleres de canto, dirigidos por Lorenzo Gamboa, interpretaron \u00abCristo de arena\u00bb de Barrionuevo y Lobato. <\/p>\n\n\n\n<p>Finalmente, los presentes participaron de un \u00e1gape fraterno en el que monse\u00f1or Giobando dialog\u00f3 con los alumnos de los talleres del hogar, integrantes hist\u00f3ricos y actuales de la comisi\u00f3n y un gran marco de familiares y amigos que acompa\u00f1aron la jornada celebrativa.<\/p>\n\n\n\n<p><\/p>\n\n\n\n<p><\/p>\n\n\n\n<p><\/p>\n\n\n\n<p><\/p>\n\n\n\n<figure class=\"wp-block-image size-large\"><img loading=\"lazy\" width=\"1024\" height=\"768\" src=\"https:\/\/www.obispado-mdp.org.ar\/a\/wp-content\/uploads\/2024\/07\/Para-nombramientos-WEB-1-1024x768.png\" alt=\"\" class=\"wp-image-44218\"\/><\/figure>\n\n\n\n<p><\/p>\n\n\n\n<p><\/p>\n\n\n\n<p><\/p>\n\n\n\n<p><\/p>\n\n\n\n<p><\/p>\n\n\n\n<p><\/p>\n","protected":false},"excerpt":{"rendered":"<p>En el marco de los festejos por el segundo aniversario desde el inicio de sus actividades, el Hogar El Samaritano de la ciudad de Necochea llev\u00f3 adelante una celebraci\u00f3n en la que se impuso el nombre del padre Francisco Ardanaz a uno de sus salones. El sacerdote, hermano de monse\u00f1or Alfredo Ardanaz -que fue el [&hellip;]<\/p>\n","protected":false},"author":4,"featured_media":0,"comment_status":"open","ping_status":"open","sticky":false,"template":"","format":"standard","meta":{"_et_pb_use_builder":"","_et_pb_old_content":"","_et_gb_content_width":""},"categories":[4],"tags":[],"aioseo_notices":[],"_links":{"self":[{"href":"https:\/\/www.obispado-mdp.org.ar\/a\/wp-json\/wp\/v2\/posts\/44215"}],"collection":[{"href":"https:\/\/www.obispado-mdp.org.ar\/a\/wp-json\/wp\/v2\/posts"}],"about":[{"href":"https:\/\/www.obispado-mdp.org.ar\/a\/wp-json\/wp\/v2\/types\/post"}],"author":[{"embeddable":true,"href":"https:\/\/www.obispado-mdp.org.ar\/a\/wp-json\/wp\/v2\/users\/4"}],"replies":[{"embeddable":true,"href":"https:\/\/www.obispado-mdp.org.ar\/a\/wp-json\/wp\/v2\/comments?post=44215"}],"version-history":[{"count":3,"href":"https:\/\/www.obispado-mdp.org.ar\/a\/wp-json\/wp\/v2\/posts\/44215\/revisions"}],"predecessor-version":[{"id":44219,"href":"https:\/\/www.obispado-mdp.org.ar\/a\/wp-json\/wp\/v2\/posts\/44215\/revisions\/44219"}],"wp:attachment":[{"href":"https:\/\/www.obispado-mdp.org.ar\/a\/wp-json\/wp\/v2\/media?parent=44215"}],"wp:term":[{"taxonomy":"category","embeddable":true,"href":"https:\/\/www.obispado-mdp.org.ar\/a\/wp-json\/wp\/v2\/categories?post=44215"},{"taxonomy":"post_tag","embeddable":true,"href":"https:\/\/www.obispado-mdp.org.ar\/a\/wp-json\/wp\/v2\/tags?post=44215"}],"curies":[{"name":"wp","href":"https:\/\/api.w.org\/{rel}","templated":true}]}}