{"id":44220,"date":"2024-07-08T13:57:29","date_gmt":"2024-07-08T16:57:29","guid":{"rendered":"https:\/\/www.obispado-mdp.org.ar\/a\/?p=44220"},"modified":"2024-07-08T13:57:31","modified_gmt":"2024-07-08T16:57:31","slug":"las-hermanas-siervas-de-maria-se-despidieron-de-la-diocesis","status":"publish","type":"post","link":"https:\/\/www.obispado-mdp.org.ar\/a\/las-hermanas-siervas-de-maria-se-despidieron-de-la-diocesis\/","title":{"rendered":"Las Hermanas Siervas de Mar\u00eda se despidieron de la di\u00f3cesis"},"content":{"rendered":"\n<p>En una Misa que monse\u00f1or Ernesto Giobando presidi\u00f3 este domingo 7 de julio en la Iglesia Catedral, la di\u00f3cesis agradeci\u00f3 el servicio de las religiosas del Instituto Siervas de Mar\u00eda Ministras de los Enfermos que despu\u00e9s de 70 a\u00f1os de desempe\u00f1ar su apostolado de cuidar por la noche a los enfermos, cerrar\u00e1n su casa en Mar del Plata.<\/p>\n\n\n\n<p>El Administrador Apost\u00f3lico se refiri\u00f3 en su homil\u00eda a la necesidad de rezar por las vocaciones, y dirigi\u00e9ndose a las religiosas destac\u00f3 que \u201cse han entregado\u201d y les dijo \u201cpongan sus ojos en el Se\u00f1or, no dejen de contemplarlo a \u00c9l, y si bien hay que levantar la casa como cuando levantamos la carpa de un campamento -porque estamos de paso y a veces toca levantar campamento y seguir- van a dejar el mejor de los recuerdos en nuestra di\u00f3cesis por su entrega generosa, su misericordia y la compasi\u00f3n que tuvieron por tantos enfermos en Mar del Plata.\u201d<\/p>\n\n\n\n<p>Las Siervas de Mar\u00eda Ministras de los Enfermos son una Congregaci\u00f3n religiosa femenina de derecho pontificio, fundada por Santa Mar\u00eda Soledad Torres Acosta, a iniciativa del sacerdote servita espa\u00f1ol Miguel Mart\u00ednez y Sanz. El sacerdote, siendo p\u00e1rroco de Chamber\u00ed (Madrid), organiz\u00f3 una comunidad de mujeres, siete en total, con el fin de dedicarse a la asistencia a domicilio de los enfermos del barrio. La gu\u00eda de dichas mujeres era Soledad Torres Acosta, a quien las religiosas hoy consideran la fundadora de la Congregaci\u00f3n, cuya fecha de fundaci\u00f3n formal es el 15 de agosto de 1851, d\u00eda en que las primeras religiosas emitieron sus votos.<\/p>\n\n\n\n<p><\/p>\n\n\n\n<figure class=\"wp-block-image size-large\"><img loading=\"lazy\" width=\"1024\" height=\"768\" src=\"https:\/\/www.obispado-mdp.org.ar\/a\/wp-content\/uploads\/2024\/07\/Imagen-de-WhatsApp-2024-07-07-a-las-18.51.12_ed79df83-1024x768.jpg\" alt=\"\" class=\"wp-image-44224\"\/><\/figure>\n\n\n\n<figure class=\"wp-block-image size-large\"><img loading=\"lazy\" width=\"1024\" height=\"768\" src=\"https:\/\/www.obispado-mdp.org.ar\/a\/wp-content\/uploads\/2024\/07\/Imagen-de-WhatsApp-2024-07-07-a-las-18.29.43_1fa59f6f-1024x768.jpg\" alt=\"\" class=\"wp-image-44223\"\/><\/figure>\n\n\n\n<figure class=\"wp-block-image size-large\"><img loading=\"lazy\" width=\"1024\" height=\"768\" src=\"https:\/\/www.obispado-mdp.org.ar\/a\/wp-content\/uploads\/2024\/07\/Imagen-de-WhatsApp-2024-07-07-a-las-18.46.21_2f90fbd1-1024x768.jpg\" alt=\"\" class=\"wp-image-44225\"\/><\/figure>\n\n\n\n<figure class=\"wp-block-image size-large is-resized\"><img loading=\"lazy\" src=\"https:\/\/www.obispado-mdp.org.ar\/a\/wp-content\/uploads\/2024\/07\/Imagen-de-WhatsApp-2024-07-07-a-las-18.31.13_5002a7ef-1024x768.jpg\" alt=\"\" class=\"wp-image-44226\" width=\"821\" height=\"615\"\/><\/figure>\n\n\n\n<figure class=\"wp-block-image size-large\"><img loading=\"lazy\" width=\"1024\" height=\"768\" src=\"https:\/\/www.obispado-mdp.org.ar\/a\/wp-content\/uploads\/2024\/07\/Imagen-de-WhatsApp-2024-07-07-a-las-18.31.13_bc77a355-1024x768.jpg\" alt=\"\" class=\"wp-image-44227\"\/><\/figure>\n","protected":false},"excerpt":{"rendered":"<p>En una Misa que monse\u00f1or Ernesto Giobando presidi\u00f3 este domingo 7 de julio en la Iglesia Catedral, la di\u00f3cesis agradeci\u00f3 el servicio de las religiosas del Instituto Siervas de Mar\u00eda Ministras de los Enfermos que despu\u00e9s de 70 a\u00f1os de desempe\u00f1ar su apostolado de cuidar por la noche a los enfermos, cerrar\u00e1n su casa en [&hellip;]<\/p>\n","protected":false},"author":4,"featured_media":0,"comment_status":"open","ping_status":"open","sticky":false,"template":"","format":"standard","meta":{"_et_pb_use_builder":"","_et_pb_old_content":"","_et_gb_content_width":""},"categories":[4],"tags":[],"aioseo_notices":[],"_links":{"self":[{"href":"https:\/\/www.obispado-mdp.org.ar\/a\/wp-json\/wp\/v2\/posts\/44220"}],"collection":[{"href":"https:\/\/www.obispado-mdp.org.ar\/a\/wp-json\/wp\/v2\/posts"}],"about":[{"href":"https:\/\/www.obispado-mdp.org.ar\/a\/wp-json\/wp\/v2\/types\/post"}],"author":[{"embeddable":true,"href":"https:\/\/www.obispado-mdp.org.ar\/a\/wp-json\/wp\/v2\/users\/4"}],"replies":[{"embeddable":true,"href":"https:\/\/www.obispado-mdp.org.ar\/a\/wp-json\/wp\/v2\/comments?post=44220"}],"version-history":[{"count":2,"href":"https:\/\/www.obispado-mdp.org.ar\/a\/wp-json\/wp\/v2\/posts\/44220\/revisions"}],"predecessor-version":[{"id":44228,"href":"https:\/\/www.obispado-mdp.org.ar\/a\/wp-json\/wp\/v2\/posts\/44220\/revisions\/44228"}],"wp:attachment":[{"href":"https:\/\/www.obispado-mdp.org.ar\/a\/wp-json\/wp\/v2\/media?parent=44220"}],"wp:term":[{"taxonomy":"category","embeddable":true,"href":"https:\/\/www.obispado-mdp.org.ar\/a\/wp-json\/wp\/v2\/categories?post=44220"},{"taxonomy":"post_tag","embeddable":true,"href":"https:\/\/www.obispado-mdp.org.ar\/a\/wp-json\/wp\/v2\/tags?post=44220"}],"curies":[{"name":"wp","href":"https:\/\/api.w.org\/{rel}","templated":true}]}}