{"id":44265,"date":"2024-07-21T20:27:59","date_gmt":"2024-07-21T23:27:59","guid":{"rendered":"https:\/\/www.obispado-mdp.org.ar\/a\/?p=44265"},"modified":"2024-07-21T20:31:06","modified_gmt":"2024-07-21T23:31:06","slug":"se-inauguro-la-capilla-santa-teresa-de-calcuta-en-villa-gesell","status":"publish","type":"post","link":"https:\/\/www.obispado-mdp.org.ar\/a\/se-inauguro-la-capilla-santa-teresa-de-calcuta-en-villa-gesell\/","title":{"rendered":"Se inaugur\u00f3 la Capilla \u201cSanta Teresa de Calcuta\u201d en Villa Gesell"},"content":{"rendered":"\n<p>La comunidad gesellina vivi\u00f3 este s\u00e1bado 20 un d\u00eda de fiesta al participar de la inauguraci\u00f3n de una nueva capilla, ubicada en Avenida 15 y Paseo 114. Se trata de \u201cSanta Teresa de Calcuta\u201d, una comunidad que comenz\u00f3 hace m\u00e1s de veinte a\u00f1os con un comedor en el que con el tiempo se fueron celebrando los sacramentos, y que hoy vio realizado el anhelo de contar con un templo en el que celebrar la fe. El administrador apost\u00f3lico, monse\u00f1or Ernesto Giobando sj. fue quien presidi\u00f3 la Santa Misa y la bendici\u00f3n del lugar, acompa\u00f1ado del p\u00e1rroco, presb\u00edtero Pablo Bosisio.<\/p>\n\n\n\n<p>El prelado explic\u00f3 que \u201clas primeras comunidades cristianas celebraban la Eucarist\u00eda en las casas, y as\u00ed pas\u00f3 ac\u00e1: primero empez\u00f3 la comunidad espiritual, en torno al fuego para preparar la comida para los m\u00e1s necesitados\u201d. Asimismo destac\u00f3 la figura de Santa Teresa de Calcuta de quien afirm\u00f3 que \u201cse dej\u00f3 tocar el coraz\u00f3n, tuvo compasi\u00f3n\u201d, y que \u201cnos ense\u00f1a a no pasar de largo ante las necesidades de los dem\u00e1s, a hacer que muchos dejen de ser invisibles.\u201d<\/p>\n\n\n\n<p>\u201cLa capilla que hoy bendecimos nos recuerda que Dios tiene que estar en el centro, y nos dec\u00eda el Evangelio que Jes\u00fas es un Dios que se compadece: esa tiene que ser una nota caracter\u00edstica de esta comunidad\u201d, agreg\u00f3.<\/p>\n\n\n\n<p>Por su parte, el padre Bosisio hizo un breve relato de la historia de la capilla destacando que \u201carranc\u00f3 con un comedor al servicio de los vecinos, y hoy la capilla sigue en esa misma l\u00ednea: estar al servicio de la comunidad\u00bb y record\u00f3 que \u00abcuando se retom\u00f3 la catequesis en 2021 empez\u00f3 a acercarse gente para bautizarse, y se celebraba en la casita, que no tiene ambientes muy grandes.\u201d<\/p>\n\n\n\n<p>Luego de las palabras del P\u00e1rroco, el Administrador Apost\u00f3lico imparti\u00f3 la bendici\u00f3n sobre el nuevo templo, e invit\u00f3 a los presentes a tocar sus muros, destacando que \u201cser\u00e1n testigos de mucha bendici\u00f3n.\u201d<\/p>\n\n\n\n<p>Finalmente Laura Villabona dirigi\u00f3 unas palabras en nombre de la comunidad e hizo una menci\u00f3n especial a quienes supieron forjar las huellas de veinticinco a\u00f1os de servicio&nbsp;en&nbsp;el&nbsp;barrio.<\/p>\n\n\n\n<figure class=\"wp-block-image size-large\"><img loading=\"lazy\" width=\"1024\" height=\"768\" src=\"https:\/\/www.obispado-mdp.org.ar\/a\/wp-content\/uploads\/2024\/07\/Para-nombramientos-WEB-2-1024x768.png\" alt=\"\" class=\"wp-image-44266\"\/><\/figure>\n\n\n\n<p><\/p>\n\n\n\n<figure class=\"wp-block-image size-large\"><img loading=\"lazy\" width=\"1024\" height=\"768\" src=\"https:\/\/www.obispado-mdp.org.ar\/a\/wp-content\/uploads\/2024\/07\/Imagen-de-WhatsApp-2024-07-20-a-las-15.50.22_12b31f16-1024x768.jpg\" alt=\"\" class=\"wp-image-44271\"\/><\/figure>\n\n\n\n<figure class=\"wp-block-image size-large\"><img loading=\"lazy\" width=\"1024\" height=\"768\" src=\"https:\/\/www.obispado-mdp.org.ar\/a\/wp-content\/uploads\/2024\/07\/Imagen-de-WhatsApp-2024-07-20-a-las-16.12.39_2ab3f2dd-1024x768.jpg\" alt=\"\" class=\"wp-image-44267\"\/><\/figure>\n\n\n\n<figure class=\"wp-block-image size-large\"><img loading=\"lazy\" width=\"1024\" height=\"768\" src=\"https:\/\/www.obispado-mdp.org.ar\/a\/wp-content\/uploads\/2024\/07\/Imagen-de-WhatsApp-2024-07-20-a-las-16.18.30_7407430b-1024x768.jpg\" alt=\"\" class=\"wp-image-44268\"\/><\/figure>\n\n\n\n<figure class=\"wp-block-image size-large\"><img loading=\"lazy\" width=\"1024\" height=\"771\" src=\"https:\/\/www.obispado-mdp.org.ar\/a\/wp-content\/uploads\/2024\/07\/452259204_10230327945694693_3453619179067219790_n-1024x771.jpg\" alt=\"\" class=\"wp-image-44269\"\/><\/figure>\n\n\n\n<figure class=\"wp-block-image size-large\"><img loading=\"lazy\" width=\"1024\" height=\"771\" src=\"https:\/\/www.obispado-mdp.org.ar\/a\/wp-content\/uploads\/2024\/07\/452211099_10230327975895448_1439285083980349358_n-1024x771.jpg\" alt=\"\" class=\"wp-image-44270\"\/><\/figure>\n","protected":false},"excerpt":{"rendered":"<p>La comunidad gesellina vivi\u00f3 este s\u00e1bado 20 un d\u00eda de fiesta al participar de la inauguraci\u00f3n de una nueva capilla, ubicada en Avenida 15 y Paseo 114. Se trata de \u201cSanta Teresa de Calcuta\u201d, una comunidad que comenz\u00f3 hace m\u00e1s de veinte a\u00f1os con un comedor en el que con el tiempo se fueron celebrando [&hellip;]<\/p>\n","protected":false},"author":4,"featured_media":0,"comment_status":"open","ping_status":"open","sticky":false,"template":"","format":"standard","meta":{"_et_pb_use_builder":"","_et_pb_old_content":"","_et_gb_content_width":""},"categories":[4],"tags":[],"aioseo_notices":[],"_links":{"self":[{"href":"https:\/\/www.obispado-mdp.org.ar\/a\/wp-json\/wp\/v2\/posts\/44265"}],"collection":[{"href":"https:\/\/www.obispado-mdp.org.ar\/a\/wp-json\/wp\/v2\/posts"}],"about":[{"href":"https:\/\/www.obispado-mdp.org.ar\/a\/wp-json\/wp\/v2\/types\/post"}],"author":[{"embeddable":true,"href":"https:\/\/www.obispado-mdp.org.ar\/a\/wp-json\/wp\/v2\/users\/4"}],"replies":[{"embeddable":true,"href":"https:\/\/www.obispado-mdp.org.ar\/a\/wp-json\/wp\/v2\/comments?post=44265"}],"version-history":[{"count":2,"href":"https:\/\/www.obispado-mdp.org.ar\/a\/wp-json\/wp\/v2\/posts\/44265\/revisions"}],"predecessor-version":[{"id":44273,"href":"https:\/\/www.obispado-mdp.org.ar\/a\/wp-json\/wp\/v2\/posts\/44265\/revisions\/44273"}],"wp:attachment":[{"href":"https:\/\/www.obispado-mdp.org.ar\/a\/wp-json\/wp\/v2\/media?parent=44265"}],"wp:term":[{"taxonomy":"category","embeddable":true,"href":"https:\/\/www.obispado-mdp.org.ar\/a\/wp-json\/wp\/v2\/categories?post=44265"},{"taxonomy":"post_tag","embeddable":true,"href":"https:\/\/www.obispado-mdp.org.ar\/a\/wp-json\/wp\/v2\/tags?post=44265"}],"curies":[{"name":"wp","href":"https:\/\/api.w.org\/{rel}","templated":true}]}}