{"id":44280,"date":"2024-07-25T13:11:15","date_gmt":"2024-07-25T16:11:15","guid":{"rendered":"https:\/\/www.obispado-mdp.org.ar\/a\/?p=44280"},"modified":"2024-07-25T13:11:17","modified_gmt":"2024-07-25T16:11:17","slug":"se-celebraron-las-patronales-de-la-capilla-san-francisco-solano-de-mar-del-plata","status":"publish","type":"post","link":"https:\/\/www.obispado-mdp.org.ar\/a\/se-celebraron-las-patronales-de-la-capilla-san-francisco-solano-de-mar-del-plata\/","title":{"rendered":"Se celebraron las Patronales de la Capilla San Francisco Solano de Mar del Plata"},"content":{"rendered":"\n<p>La comunidad San Francisco Solano celebr\u00f3 este mi\u00e9rcoles 24 a su Patrono, concluyendo as\u00ed varios d\u00edas en los que rezaron el triduo y llevaron adelante distintas actividades. La Capilla, ubicada en la calle Rio Negro al 9700, de la ciudad de Mar del Plata, es una de las varias comunidades que forman parte de la Parroquia Medalla Milagrosa.<\/p>\n\n\n\n<p>El administrador apost\u00f3lico, monse\u00f1or Ernesto Giobando presidi\u00f3 la Santa Misa el d\u00eda 24, fiesta lit\u00fargica del Santo Patrono. Si bien por motivos clim\u00e1ticos no pudo realizarse la procesi\u00f3n que estaba prevista, tanto el obispo como el p\u00e1rroco, presb\u00edtero Gast\u00f3n Buono, se dirigieron a algunas casas para bendecirlas y saludar a los que all\u00ed residen. Luego de la celebraci\u00f3n, los fieles compartieron un chocolate caliente.<\/p>\n\n\n\n<p>San Francisco Solano, nacido en Montilla, Espa\u00f1a, en 1549, es conocido principalmente por su profunda dedicaci\u00f3n a la evangelizaci\u00f3n en el Nuevo Mundo. Su principal virtud fue su inquebrantable caridad y amor por los dem\u00e1s, especialmente por los pueblos originarios de Sudam\u00e9rica. En 1590, lleg\u00f3 al actual territorio de Argentina, donde se destac\u00f3 por su capacidad para aprender r\u00e1pidamente los idiomas nativos, lo que le permiti\u00f3 acercarse y ayudar a las comunidades locales con gran empat\u00eda y comprensi\u00f3n. Su labor en la regi\u00f3n dej\u00f3 un legado duradero de misericordia cristiana y acercamiento cultural.<\/p>\n\n\n\n<figure class=\"wp-block-image size-large\"><img loading=\"lazy\" width=\"1024\" height=\"1024\" src=\"https:\/\/www.obispado-mdp.org.ar\/a\/wp-content\/uploads\/2024\/07\/NOTICIAS-DEL-OBISPO-24-1024x1024.png\" alt=\"\" class=\"wp-image-44282\"\/><\/figure>\n\n\n\n<figure class=\"wp-block-image size-large is-resized\"><img loading=\"lazy\" src=\"https:\/\/www.obispado-mdp.org.ar\/a\/wp-content\/uploads\/2024\/07\/NOTICIAS-DEL-OBISPO-23-1024x1024.png\" alt=\"\" class=\"wp-image-44281\" width=\"821\" height=\"821\"\/><\/figure>\n\n\n\n<figure class=\"wp-block-image size-large\"><img loading=\"lazy\" width=\"1024\" height=\"1024\" src=\"https:\/\/www.obispado-mdp.org.ar\/a\/wp-content\/uploads\/2024\/07\/NOTICIAS-DEL-OBISPO-22-1024x1024.png\" alt=\"\" class=\"wp-image-44283\"\/><\/figure>\n","protected":false},"excerpt":{"rendered":"<p>La comunidad San Francisco Solano celebr\u00f3 este mi\u00e9rcoles 24 a su Patrono, concluyendo as\u00ed varios d\u00edas en los que rezaron el triduo y llevaron adelante distintas actividades. La Capilla, ubicada en la calle Rio Negro al 9700, de la ciudad de Mar del Plata, es una de las varias comunidades que forman parte de la [&hellip;]<\/p>\n","protected":false},"author":4,"featured_media":0,"comment_status":"open","ping_status":"open","sticky":false,"template":"","format":"standard","meta":{"_et_pb_use_builder":"","_et_pb_old_content":"","_et_gb_content_width":""},"categories":[4],"tags":[],"aioseo_notices":[],"_links":{"self":[{"href":"https:\/\/www.obispado-mdp.org.ar\/a\/wp-json\/wp\/v2\/posts\/44280"}],"collection":[{"href":"https:\/\/www.obispado-mdp.org.ar\/a\/wp-json\/wp\/v2\/posts"}],"about":[{"href":"https:\/\/www.obispado-mdp.org.ar\/a\/wp-json\/wp\/v2\/types\/post"}],"author":[{"embeddable":true,"href":"https:\/\/www.obispado-mdp.org.ar\/a\/wp-json\/wp\/v2\/users\/4"}],"replies":[{"embeddable":true,"href":"https:\/\/www.obispado-mdp.org.ar\/a\/wp-json\/wp\/v2\/comments?post=44280"}],"version-history":[{"count":1,"href":"https:\/\/www.obispado-mdp.org.ar\/a\/wp-json\/wp\/v2\/posts\/44280\/revisions"}],"predecessor-version":[{"id":44284,"href":"https:\/\/www.obispado-mdp.org.ar\/a\/wp-json\/wp\/v2\/posts\/44280\/revisions\/44284"}],"wp:attachment":[{"href":"https:\/\/www.obispado-mdp.org.ar\/a\/wp-json\/wp\/v2\/media?parent=44280"}],"wp:term":[{"taxonomy":"category","embeddable":true,"href":"https:\/\/www.obispado-mdp.org.ar\/a\/wp-json\/wp\/v2\/categories?post=44280"},{"taxonomy":"post_tag","embeddable":true,"href":"https:\/\/www.obispado-mdp.org.ar\/a\/wp-json\/wp\/v2\/tags?post=44280"}],"curies":[{"name":"wp","href":"https:\/\/api.w.org\/{rel}","templated":true}]}}