{"id":44296,"date":"2024-07-28T00:15:49","date_gmt":"2024-07-28T03:15:49","guid":{"rendered":"https:\/\/www.obispado-mdp.org.ar\/a\/?p=44296"},"modified":"2024-07-28T00:15:50","modified_gmt":"2024-07-28T03:15:50","slug":"se-celebro-el-primer-aniversario-del-hogar-hijos-de-maria-en-el-exhotel-city","status":"publish","type":"post","link":"https:\/\/www.obispado-mdp.org.ar\/a\/se-celebro-el-primer-aniversario-del-hogar-hijos-de-maria-en-el-exhotel-city\/","title":{"rendered":"Se celebr\u00f3 el primer aniversario del Hogar \u201cHijos de Mar\u00eda\u201d en el exhotel City"},"content":{"rendered":"\n<p>Monse\u00f1or Ernesto Giobando presidi\u00f3 la Santa Misa este s\u00e1bado 27 en las instalaciones del Hogar Hijos de Mar\u00eda, que fue abierto hace un a\u00f1o por parte de la \u201cNoche de la Caridad\u201d para albergar a personas en situaci\u00f3n de calle. La Eucarist\u00eda fue concelebrada por el obispo de Lomas de Zamora, monse\u00f1or Jorge Lugones, y por los presb\u00edteros Ezequiel Kseim, H\u00e9ctor D\u00edaz, Hern\u00e1n David Arturo Pessagno y Hugo Camino fdp.<\/p>\n\n\n\n<p>El Administrador Apost\u00f3lico asever\u00f3 que \u201cla Noche de la Caridad en la ciudad de Mar del Plata multiplica el plan los 7 d\u00edas de la semana, los 365 d\u00edas del a\u00f1o\u201d y pidi\u00f3 que \u201cel Evangelio que hemos escuchado, de la multiplicaci\u00f3n de los panes, nos ayude a poner en las manos del Se\u00f1or todo lo que tenemos y lo que somos, para que pueda haber un hogar para tantos hermanos que hoy lo necesitan.\u201d<\/p>\n\n\n\n<p>Hacia el final de la Misa el sacerdote asesor del servicio de Noche de la Caridad, H\u00e9ctor D\u00edaz, dirigi\u00f3 unas palabras de agradecimiento, a la vez que hicieron lo propio dos miembros de la Comisi\u00f3n de Noche de la Caridad y dos hermanos residentes del Hogar Hijos de Mar\u00eda.<\/p>\n\n\n\n<p><\/p>\n\n\n\n<figure class=\"wp-block-image size-large\"><img loading=\"lazy\" width=\"1024\" height=\"768\" src=\"https:\/\/www.obispado-mdp.org.ar\/a\/wp-content\/uploads\/2024\/07\/Imagen-de-WhatsApp-2024-07-27-a-las-21.10.17_c1c62877-1024x768.jpg\" alt=\"\" class=\"wp-image-44297\"\/><\/figure>\n\n\n\n<figure class=\"wp-block-image size-large\"><img loading=\"lazy\" width=\"1024\" height=\"576\" src=\"https:\/\/www.obispado-mdp.org.ar\/a\/wp-content\/uploads\/2024\/07\/Imagen-de-WhatsApp-2024-07-27-a-las-21.10.19_e2b28cfa-1024x576.jpg\" alt=\"\" class=\"wp-image-44298\"\/><\/figure>\n\n\n\n<figure class=\"wp-block-image size-large\"><img loading=\"lazy\" width=\"1024\" height=\"768\" src=\"https:\/\/www.obispado-mdp.org.ar\/a\/wp-content\/uploads\/2024\/07\/Imagen-de-WhatsApp-2024-07-27-a-las-21.10.16_21b2893a-1024x768.jpg\" alt=\"\" class=\"wp-image-44299\"\/><\/figure>\n","protected":false},"excerpt":{"rendered":"<p>Monse\u00f1or Ernesto Giobando presidi\u00f3 la Santa Misa este s\u00e1bado 27 en las instalaciones del Hogar Hijos de Mar\u00eda, que fue abierto hace un a\u00f1o por parte de la \u201cNoche de la Caridad\u201d para albergar a personas en situaci\u00f3n de calle. La Eucarist\u00eda fue concelebrada por el obispo de Lomas de Zamora, monse\u00f1or Jorge Lugones, y [&hellip;]<\/p>\n","protected":false},"author":4,"featured_media":0,"comment_status":"open","ping_status":"open","sticky":false,"template":"","format":"standard","meta":{"_et_pb_use_builder":"","_et_pb_old_content":"","_et_gb_content_width":""},"categories":[4],"tags":[],"aioseo_notices":[],"_links":{"self":[{"href":"https:\/\/www.obispado-mdp.org.ar\/a\/wp-json\/wp\/v2\/posts\/44296"}],"collection":[{"href":"https:\/\/www.obispado-mdp.org.ar\/a\/wp-json\/wp\/v2\/posts"}],"about":[{"href":"https:\/\/www.obispado-mdp.org.ar\/a\/wp-json\/wp\/v2\/types\/post"}],"author":[{"embeddable":true,"href":"https:\/\/www.obispado-mdp.org.ar\/a\/wp-json\/wp\/v2\/users\/4"}],"replies":[{"embeddable":true,"href":"https:\/\/www.obispado-mdp.org.ar\/a\/wp-json\/wp\/v2\/comments?post=44296"}],"version-history":[{"count":1,"href":"https:\/\/www.obispado-mdp.org.ar\/a\/wp-json\/wp\/v2\/posts\/44296\/revisions"}],"predecessor-version":[{"id":44300,"href":"https:\/\/www.obispado-mdp.org.ar\/a\/wp-json\/wp\/v2\/posts\/44296\/revisions\/44300"}],"wp:attachment":[{"href":"https:\/\/www.obispado-mdp.org.ar\/a\/wp-json\/wp\/v2\/media?parent=44296"}],"wp:term":[{"taxonomy":"category","embeddable":true,"href":"https:\/\/www.obispado-mdp.org.ar\/a\/wp-json\/wp\/v2\/categories?post=44296"},{"taxonomy":"post_tag","embeddable":true,"href":"https:\/\/www.obispado-mdp.org.ar\/a\/wp-json\/wp\/v2\/tags?post=44296"}],"curies":[{"name":"wp","href":"https:\/\/api.w.org\/{rel}","templated":true}]}}