{"id":44301,"date":"2024-07-29T23:03:12","date_gmt":"2024-07-30T02:03:12","guid":{"rendered":"https:\/\/www.obispado-mdp.org.ar\/a\/?p=44301"},"modified":"2024-07-29T23:03:13","modified_gmt":"2024-07-30T02:03:13","slug":"la-comunidad-de-santa-ana-celebro-a-sus-patronos-y-rezo-por-los-abuelos","status":"publish","type":"post","link":"https:\/\/www.obispado-mdp.org.ar\/a\/la-comunidad-de-santa-ana-celebro-a-sus-patronos-y-rezo-por-los-abuelos\/","title":{"rendered":"La comunidad de Santa Ana celebr\u00f3 a sus patronos y rez\u00f3 por los abuelos"},"content":{"rendered":"\n<p>La Parroquia Santa Ana de la ciudad de Mar del Plata celebr\u00f3 su fiesta patronal con una variada agenda de actividades y celebraciones para honrar a Santa Ana y San Joaqu\u00edn, padres de la Bienaventurada Virgen Mar\u00eda, abuelos del Se\u00f1or, y patronos de la comunidad. <\/p>\n\n\n\n<p>La Misa central tuvo lugar en la ma\u00f1ana del domingo 28, d\u00eda de la IV Jornada Mundial de los Abuelos y Mayores, y estuvo presidida por el administrador apost\u00f3lico, monse\u00f1or Ernesto Giobando sj. Concelebraron el obispo de Lomas de Zamora, monse\u00f1or Jorge Lugones sj. y el cura p\u00e1rroco, presb\u00edtero Juan Cruz Mennilli.<\/p>\n\n\n\n<p>En esa celebraci\u00f3n se destac\u00f3 de manera particular a los abuelos, quienes ya hab\u00edan sido el centro del festejo del d\u00eda anterior, en el que la comunidad los agasaj\u00f3 con chocolate caliente y distintos n\u00fameros musicales, entre ellos los Papelnonos y la cantante de tango Carolina Rub\u00ed.<\/p>\n\n\n\n<p>Entre los asistentes a la Misa se destac\u00f3 la presencia del senador Ariel Martinez Bordaisco, y de la exdirectora de ANSES, Fernanda Raverta. <\/p>\n\n\n\n<p>Al finalizar la celebraci\u00f3n, monse\u00f1or Giobando bendijo las obras de la fachada del templo parroquial, que estuvo en refacci\u00f3n bajo la direcci\u00f3n de la arquitecta Anal\u00eda Benitez, a quien el padre Juan Cruz agradeci\u00f3 especialmente. <\/p>\n\n\n\n<p>Luego de la oraci\u00f3n que pronunci\u00f3 el Administrador Apost\u00f3lico, mientras los fieles entonaban un c\u00e1ntico de alabanza a Dios, los ministros se dirigieron hacia el exterior del templo acompa\u00f1ados de la arquitecta Benitez, la Comisi\u00f3n Pro Obra, el senador Martinez Bordaisco y algunos fieles en representaci\u00f3n de todos los que colaboraron e hicieron posible la realizaci\u00f3n del proyecto. <\/p>\n\n\n\n<p>Luego de la Misa m\u00e1s de 200 personas participaron de un almuerzo que se prolong\u00f3 hasta el caer de la tarde e incluy\u00f3 distintos momentos, entre los que se destac\u00f3 la presentaci\u00f3n de la Pe\u00f1a Folkl\u00f3rica Santa Ana, que desde hace 51 a\u00f1os est\u00e1 presente en esa Parroquia. <\/p>\n\n\n\n<p>Estas celebraciones marcaron la culminaci\u00f3n de varios d\u00edas de actividades. <\/p>\n\n\n\n<p>La preparaci\u00f3n de la Patronal comenz\u00f3 con el triduo, que se enmarc\u00f3 en el A\u00f1o de la Oraci\u00f3n, y que incluy\u00f3 adem\u00e1s del Rosario y la Santa Misa, charlas de espiritualidad a cargo de franciscanos y dominicos.<\/p>\n\n\n\n<p>Tambi\u00e9n hubo un encuentro de j\u00f3venes en el que participaron los distintos espacios juveniles de la Parroquia tales como el Grupo Parroquial, el Ruca de Lourdes y el Grupo Scout. <\/p>\n\n\n\n<p>Asimismo, el d\u00eda 26, fiesta lit\u00fargica de Santa Ana y San Joaqu\u00edn, los fieles colmaron el templo para celebrar la Eucarist\u00eda, en la que se administr\u00f3 el sacramento de la Unci\u00f3n de los enfermos. <\/p>\n\n\n\n<p>Por su parte el d\u00eda s\u00e1bado \u2013a continuaci\u00f3n del \u201cchocolate de los abuelos\u201d- se desarroll\u00f3 la obra teatral \u201cLa Pasi\u00f3n de los Llanos\u201d, a cargo del grupo platense de teatro de la Parroquia La Anunciaci\u00f3n, que trata sobre el martirio del beato Enrique Angelelli.<\/p>\n\n\n\n<figure class=\"wp-block-image size-large\"><img loading=\"lazy\" width=\"1024\" height=\"768\" src=\"https:\/\/www.obispado-mdp.org.ar\/a\/wp-content\/uploads\/2024\/07\/IMG-20240728-WA0012-1024x768.jpg\" alt=\"\" class=\"wp-image-44302\"\/><\/figure>\n\n\n\n<figure class=\"wp-block-image size-large\"><img loading=\"lazy\" width=\"1024\" height=\"768\" src=\"https:\/\/www.obispado-mdp.org.ar\/a\/wp-content\/uploads\/2024\/07\/IMG-20240728-WA0009-1024x768.jpg\" alt=\"\" class=\"wp-image-44303\"\/><\/figure>\n\n\n\n<figure class=\"wp-block-image size-large\"><img loading=\"lazy\" width=\"1024\" height=\"768\" src=\"https:\/\/www.obispado-mdp.org.ar\/a\/wp-content\/uploads\/2024\/07\/IMG-20240728-WA0023-1024x768.jpg\" alt=\"\" class=\"wp-image-44304\"\/><\/figure>\n\n\n\n<figure class=\"wp-block-image size-large is-resized\"><img loading=\"lazy\" src=\"https:\/\/www.obispado-mdp.org.ar\/a\/wp-content\/uploads\/2024\/07\/IMG-20240728-WA0014-1024x768.jpg\" alt=\"\" class=\"wp-image-44305\" width=\"395\" height=\"296\"\/><\/figure>\n\n\n\n<figure class=\"wp-block-image size-large\"><img loading=\"lazy\" width=\"1024\" height=\"768\" src=\"https:\/\/www.obispado-mdp.org.ar\/a\/wp-content\/uploads\/2024\/07\/IMG-20240728-WA0033-1024x768.jpg\" alt=\"\" class=\"wp-image-44306\"\/><\/figure>\n\n\n\n<figure class=\"wp-block-image size-large\"><img loading=\"lazy\" width=\"1024\" height=\"768\" src=\"https:\/\/www.obispado-mdp.org.ar\/a\/wp-content\/uploads\/2024\/07\/IMG-20240728-WA0039-1024x768.jpg\" alt=\"\" class=\"wp-image-44307\"\/><\/figure>\n","protected":false},"excerpt":{"rendered":"<p>La Parroquia Santa Ana de la ciudad de Mar del Plata celebr\u00f3 su fiesta patronal con una variada agenda de actividades y celebraciones para honrar a Santa Ana y San Joaqu\u00edn, padres de la Bienaventurada Virgen Mar\u00eda, abuelos del Se\u00f1or, y patronos de la comunidad. La Misa central tuvo lugar en la ma\u00f1ana del domingo [&hellip;]<\/p>\n","protected":false},"author":4,"featured_media":0,"comment_status":"open","ping_status":"open","sticky":false,"template":"","format":"standard","meta":{"_et_pb_use_builder":"","_et_pb_old_content":"","_et_gb_content_width":""},"categories":[4],"tags":[],"aioseo_notices":[],"_links":{"self":[{"href":"https:\/\/www.obispado-mdp.org.ar\/a\/wp-json\/wp\/v2\/posts\/44301"}],"collection":[{"href":"https:\/\/www.obispado-mdp.org.ar\/a\/wp-json\/wp\/v2\/posts"}],"about":[{"href":"https:\/\/www.obispado-mdp.org.ar\/a\/wp-json\/wp\/v2\/types\/post"}],"author":[{"embeddable":true,"href":"https:\/\/www.obispado-mdp.org.ar\/a\/wp-json\/wp\/v2\/users\/4"}],"replies":[{"embeddable":true,"href":"https:\/\/www.obispado-mdp.org.ar\/a\/wp-json\/wp\/v2\/comments?post=44301"}],"version-history":[{"count":1,"href":"https:\/\/www.obispado-mdp.org.ar\/a\/wp-json\/wp\/v2\/posts\/44301\/revisions"}],"predecessor-version":[{"id":44308,"href":"https:\/\/www.obispado-mdp.org.ar\/a\/wp-json\/wp\/v2\/posts\/44301\/revisions\/44308"}],"wp:attachment":[{"href":"https:\/\/www.obispado-mdp.org.ar\/a\/wp-json\/wp\/v2\/media?parent=44301"}],"wp:term":[{"taxonomy":"category","embeddable":true,"href":"https:\/\/www.obispado-mdp.org.ar\/a\/wp-json\/wp\/v2\/categories?post=44301"},{"taxonomy":"post_tag","embeddable":true,"href":"https:\/\/www.obispado-mdp.org.ar\/a\/wp-json\/wp\/v2\/tags?post=44301"}],"curies":[{"name":"wp","href":"https:\/\/api.w.org\/{rel}","templated":true}]}}