{"id":44368,"date":"2024-08-03T13:25:57","date_gmt":"2024-08-03T16:25:57","guid":{"rendered":"https:\/\/www.obispado-mdp.org.ar\/a\/?p=44368"},"modified":"2024-08-03T13:25:58","modified_gmt":"2024-08-03T16:25:58","slug":"dirigentes-de-la-mesa-por-la-dignidad-de-las-periferias-participaron-de-una-misa-en-san-cayetano","status":"publish","type":"post","link":"https:\/\/www.obispado-mdp.org.ar\/a\/dirigentes-de-la-mesa-por-la-dignidad-de-las-periferias-participaron-de-una-misa-en-san-cayetano\/","title":{"rendered":"Dirigentes de la Mesa por la Dignidad de las Periferias participaron de una Misa en San Cayetano"},"content":{"rendered":"\n<p><\/p>\n\n\n\n<p>El pasado viernes 2 de agosto, la Mesa de Di\u00e1logo por la Dignidad de las Periferias -que convoca el Obispado de Mar del Plata- particip\u00f3 junto con la comunidad del Santuario de San Cayetano, de la Misa por la Patria, en el marco de la Novena a San Cayetano, patrono del pan y del trabajo. El lema de la misma \u00abSan Cayetano, amigo del pueblo, danos un coraz\u00f3n solidario\u00bb.<\/p>\n\n\n\n<p>Se encontraban presentes representantes de movimientos sociales, de la Universidad Nacional de Mar del Plata (UNMDP), del Parque Industrial, de la CGT, la CTA, la Pastoral Social, Caritas y Hogares de Cristo entre otras pastorales e instituciones.<\/p>\n\n\n\n<p>La Misa estuvo presidida por el presb\u00edtero Hern\u00e1n David y concelebrada por el p\u00e1rroco de San Cayetano, presb\u00edtero Juan Pablo Cayrol.<\/p>\n\n\n\n<p>Desde la Mesa por la Dignidad de las Periferias indicaron que \u201cla falta de trabajo y la pobreza extrema contin\u00faan marcando la dif\u00edcil situaci\u00f3n en las periferias de la ciudad\u201d y que \u201cfrente a estos desaf\u00edos, la comunidad representada en esta Mesa ha tomado la decisi\u00f3n de salir adelante entre todos, incidiendo en las pol\u00edticas publicas necesarias, uniendo esfuerzos y recursos para construir un futuro mejor.\u201d<\/p>\n\n\n\n<p>\u201cLa solidaridad y el compromiso colectivo se han convertido en pilares fundamentales para superar las adversidades y mejorar la calidad de vida de quienes m\u00e1s lo necesitan\u201d,\u00a0finalizaron.<\/p>\n\n\n\n<p><\/p>\n\n\n\n<figure class=\"wp-block-image size-large\"><img loading=\"lazy\" width=\"1024\" height=\"768\" src=\"https:\/\/www.obispado-mdp.org.ar\/a\/wp-content\/uploads\/2024\/08\/Imagen-de-WhatsApp-2024-08-03-a-las-09.14.08_f1acdc0c-1024x768.jpg\" alt=\"\" class=\"wp-image-44369\"\/><\/figure>\n","protected":false},"excerpt":{"rendered":"<p>El pasado viernes 2 de agosto, la Mesa de Di\u00e1logo por la Dignidad de las Periferias -que convoca el Obispado de Mar del Plata- particip\u00f3 junto con la comunidad del Santuario de San Cayetano, de la Misa por la Patria, en el marco de la Novena a San Cayetano, patrono del pan y del trabajo. [&hellip;]<\/p>\n","protected":false},"author":4,"featured_media":0,"comment_status":"open","ping_status":"open","sticky":false,"template":"","format":"standard","meta":{"_et_pb_use_builder":"","_et_pb_old_content":"","_et_gb_content_width":""},"categories":[4],"tags":[],"aioseo_notices":[],"_links":{"self":[{"href":"https:\/\/www.obispado-mdp.org.ar\/a\/wp-json\/wp\/v2\/posts\/44368"}],"collection":[{"href":"https:\/\/www.obispado-mdp.org.ar\/a\/wp-json\/wp\/v2\/posts"}],"about":[{"href":"https:\/\/www.obispado-mdp.org.ar\/a\/wp-json\/wp\/v2\/types\/post"}],"author":[{"embeddable":true,"href":"https:\/\/www.obispado-mdp.org.ar\/a\/wp-json\/wp\/v2\/users\/4"}],"replies":[{"embeddable":true,"href":"https:\/\/www.obispado-mdp.org.ar\/a\/wp-json\/wp\/v2\/comments?post=44368"}],"version-history":[{"count":1,"href":"https:\/\/www.obispado-mdp.org.ar\/a\/wp-json\/wp\/v2\/posts\/44368\/revisions"}],"predecessor-version":[{"id":44370,"href":"https:\/\/www.obispado-mdp.org.ar\/a\/wp-json\/wp\/v2\/posts\/44368\/revisions\/44370"}],"wp:attachment":[{"href":"https:\/\/www.obispado-mdp.org.ar\/a\/wp-json\/wp\/v2\/media?parent=44368"}],"wp:term":[{"taxonomy":"category","embeddable":true,"href":"https:\/\/www.obispado-mdp.org.ar\/a\/wp-json\/wp\/v2\/categories?post=44368"},{"taxonomy":"post_tag","embeddable":true,"href":"https:\/\/www.obispado-mdp.org.ar\/a\/wp-json\/wp\/v2\/tags?post=44368"}],"curies":[{"name":"wp","href":"https:\/\/api.w.org\/{rel}","templated":true}]}}