{"id":44379,"date":"2024-08-07T20:20:52","date_gmt":"2024-08-07T23:20:52","guid":{"rendered":"https:\/\/www.obispado-mdp.org.ar\/a\/?p=44379"},"modified":"2024-08-07T20:20:53","modified_gmt":"2024-08-07T23:20:53","slug":"san-cayetano-amigo-del-pueblo-danos-un-corazon-solidario","status":"publish","type":"post","link":"https:\/\/www.obispado-mdp.org.ar\/a\/san-cayetano-amigo-del-pueblo-danos-un-corazon-solidario\/","title":{"rendered":"\u201cSan Cayetano, amigo del pueblo, danos un coraz\u00f3n solidario\u201d."},"content":{"rendered":"\n<p>Una multitud de peregrinos se acerc\u00f3 al Santuario San Cayetano para celebrar este mi\u00e9rcoles 7 su festividad y elevar sus plegarias pidiendo su intercesi\u00f3n. Durante todo el d\u00eda el templo, ubicado en la calle Moreno al 6700, recibi\u00f3 a los peregrinos, que formaban una fila para venerar al \u201cPatrono del Pan y del Trabajo\u201d. Varios sacerdotes celebraron el sacramento de la reconciliaci\u00f3n, a la vez que otros junto a algunos di\u00e1conos bendijeron a las personas y a los objetos de devoci\u00f3n que les presentaban.<br>La Misa central fue presidida por el administrador apost\u00f3lico, monse\u00f1or Ernesto Giobando sj. y concelebrada por el p\u00e1rroco, presb\u00edtero Juan Pablo Cayrol, adem\u00e1s de los presb\u00edteros Ezequiel Kseim, Hern\u00e1n David, Juan Cruz Mennilli, Juan Pablo Arrachea, Armando Ledesma y Jos\u00e9 Mart\u00ednez. Previamente tuvo lugar la procesi\u00f3n, que recorri\u00f3 calles del barrio entre c\u00e1nticos, rezos y reflexiones del papa Francisco.<br>En su homil\u00eda, monse\u00f1or Giobando tom\u00f3 tres bienaventuranzas del Evangelio de que se proclam\u00f3 en la Liturgia: \u201cFelices los que tienen almas de pobres, porque a ellos les pertenece el Reino de los Cielos; felices los que tienen hambre y sed de justicia, porque ser\u00e1n saciados; felices los misericordiosos, porque obtendr\u00e1n misericordia\u201d. Asimismo comparti\u00f3 la Intenci\u00f3n del Papa Francisco para este mes de agosto: \u201cOremos para que los l\u00edderes pol\u00edticos est\u00e9n al servicio de su pueblo, trabajando por el desarrollo humano integral y el bien com\u00fan, atendiendo a los que han perdido su empleo y dando prioridad a los m\u00e1s pobres\u201d.<br>\u201cLos santos est\u00e1n al servicio de Dios y de su Pueblo. San Cayetano no es un pol\u00edtico, en el sentido peyorativo que lamentablemente hoy se da a esta palabra. San Cayetano es un santo y nos da ejemplo de c\u00f3mo hay que servir, especialmente a los m\u00e1s pobres. San Cayetano fue un hombre generoso y desinteresado. San Cayetano se la jug\u00f3 por los m\u00e1s abandonados, los sali\u00f3 a buscar, se los puso al hombro. Llevaba comida y cuando faltaba la multiplicaba, iban a buscar al canasto de las donaciones y siempre hab\u00eda pan\u201d, explic\u00f3 el prelado.<br>Y agreg\u00f3 \u201cese pan que hoy est\u00e1 faltando en la mesa de muchos hogares. Y si hab\u00eda pan en el canasto es porque alguien an\u00f3nimamente lo dejaba, porque hay mucha gente generosa que ayuda a los dem\u00e1s sin que su mano izquierda sepa lo que hace su derecha. San Cayetano como tantos otros santos no ped\u00eda para s\u00ed, sino para los pobres. Hoy le pedimos a San Cayetano el pan para la mesa de los hogares m\u00e1s humildes, hoy pedimos que seamos generosos en la ayuda y en la entrega de alimentos, lamentablemente est\u00e1 creciendo el n\u00famero de chicos desnutridos, nos debe dar dolor y verg\u00fcenza: \u2018no es posible hoy morirse de hambre en la tierra bendita del pan\u2019.\u201d<br>\u201cEl Papa pide que los pol\u00edticos trabajen para que otros puedan conseguir un trabajo digno: cuando se trabaja por el desarrollo humano integral y el bien com\u00fan, los pol\u00edticos y la pol\u00edtica adquiere ese rostro de dignidad que tanto necesitamos: pol\u00edticos que trabajan para dar fuentes de trabajo dignas, gastan su tiempo y energ\u00edas para que otros, la sociedad, pueda vivir mejor. San Cayetano es el patrono de los trabajadores, intercede para conseguir trabajo, y es el patrono de aquellos que dan trabajo, y de aquellos legisladores que promulgan leyes justas y equitativas, donde no se privilegie a unos pocos y hundan en la miseria al resto\u201d, afirm\u00f3.<br>Seguidamente exhort\u00f3 \u201catendamos a quienes han perdido el empleo, no les digamos que vayan a Caritas y no sabemos qu\u00e9 d\u00edas atienden. O van a una oficina y est\u00e1 cerrada hace meses. Si pudi\u00e9semos experimentar en carne propia la marat\u00f3n que miles y miles de argentinos realizan cada d\u00eda en busca de trabajo, creo que dejar\u00edamos de decir con tanta frivolidad: \u201c\u00a1Son unos vagos, no laburan porque no quieren!\u201d Atendamos a nuestros hermanos y hermanas desocupados, al menos prest\u00e9mosle el o\u00eddo y si podemos d\u00e9mosle una mano, esa mano que le damos no se olvida, Dios no la olvida.\u201d<br>En otro punto de su mensaje pidi\u00f3 \u201cdar prioridad a los m\u00e1s pobres\u201d y afirm\u00f3 que \u201cesa fue la opci\u00f3n de San Cayetano, amigo de Dios y de los pobres\u201d. \u201cEstar cerca de los m\u00e1s pobres no es hacer demagogia, o usarlos con fines electorales, estar cerca de los pobres es conocer sus luchas, sus dificultades, tambi\u00e9n sus sue\u00f1os. Estar cerca de los pobres no solo para decirles que aguanten, sino tambi\u00e9n para saber sus nombres, compartir sus pesares y darles un abrazo. As\u00ed hac\u00edan los santos y no ten\u00edan verg\u00fcenza, sino dolor y un coraz\u00f3n lleno de misericordia\u2026un coraz\u00f3n solidario\u201d, explic\u00f3 monse\u00f1or Giobando.<br>En su p\u00e1rrafo final, el Administrador Apost\u00f3lico comparti\u00f3 \u201cla inmensa alegr\u00eda de tener hoy a Santa Mama Antula, la primera santa argentina que el Papa Francisco canoniz\u00f3 este a\u00f1o\u201d. \u201cMama Antula nos trajo a estas tierras la devoci\u00f3n a San Cayetano, ella le ten\u00eda una profunda confianza, era para ella, como lo es para nosotros y gracias a ella el \u201cpatrono de la providencia\u201d. Mama Antula tambi\u00e9n fue amiga de Dios y de los pobres, llev\u00e1ndolos a hacer Ejercicios Espirituales, abriendo siempre lugares para las mujeres m\u00e1s desprotegidas, d\u00e1ndoles techo y dignidad. Ella nos trajo a San Cayetano por eso todos juntos decimos: \u201cSan Cayetano, amigo del pueblo, danos un coraz\u00f3n solidario\u201d. Que seamos pobres de coraz\u00f3n, que tengamos hambre y sed de justicia y que practiquemos la misericordia, as\u00ed entonces seremos felices, como los santos y santas del cielo\u201d, finaliz\u00f3.<\/p>\n\n\n\n<p><\/p>\n\n\n\n<figure class=\"wp-block-image size-large\"><img loading=\"lazy\" width=\"1024\" height=\"576\" src=\"https:\/\/www.obispado-mdp.org.ar\/a\/wp-content\/uploads\/2024\/08\/mensaje-de-mons.giobando-2-1024x576.png\" alt=\"\" class=\"wp-image-44380\"\/><\/figure>\n\n\n\n<figure class=\"wp-block-image size-large\"><img loading=\"lazy\" width=\"1024\" height=\"576\" src=\"https:\/\/www.obispado-mdp.org.ar\/a\/wp-content\/uploads\/2024\/08\/mensaje-de-mons.giobando-4-1024x576.png\" alt=\"\" class=\"wp-image-44384\"\/><\/figure>\n\n\n\n<figure class=\"wp-block-image size-large\"><img loading=\"lazy\" width=\"1024\" height=\"768\" src=\"https:\/\/www.obispado-mdp.org.ar\/a\/wp-content\/uploads\/2024\/08\/Imagen-de-WhatsApp-2024-08-07-a-las-15.45.55_400e89c7-1024x768.jpg\" alt=\"\" class=\"wp-image-44383\"\/><\/figure>\n\n\n\n<figure class=\"wp-block-image size-large\"><img loading=\"lazy\" width=\"1024\" height=\"768\" src=\"https:\/\/www.obispado-mdp.org.ar\/a\/wp-content\/uploads\/2024\/08\/Imagen-de-WhatsApp-2024-08-07-a-las-15.45.55_d982d238-1024x768.jpg\" alt=\"\" class=\"wp-image-44387\"\/><\/figure>\n\n\n\n<figure class=\"wp-block-image size-large\"><img loading=\"lazy\" width=\"1024\" height=\"768\" src=\"https:\/\/www.obispado-mdp.org.ar\/a\/wp-content\/uploads\/2024\/08\/Imagen-de-WhatsApp-2024-08-07-a-las-15.45.55_e9f2e007-1024x768.jpg\" alt=\"\" class=\"wp-image-44382\"\/><\/figure>\n\n\n\n<figure class=\"wp-block-image size-large\"><img loading=\"lazy\" width=\"1024\" height=\"768\" src=\"https:\/\/www.obispado-mdp.org.ar\/a\/wp-content\/uploads\/2024\/08\/Imagen-de-WhatsApp-2024-08-07-a-las-17.54.55_2208b0e4-1024x768.jpg\" alt=\"\" class=\"wp-image-44385\"\/><\/figure>\n\n\n\n<figure class=\"wp-block-image size-large\"><img loading=\"lazy\" width=\"1024\" height=\"576\" src=\"https:\/\/www.obispado-mdp.org.ar\/a\/wp-content\/uploads\/2024\/08\/mensaje-de-mons.giobando-3-1024x576.png\" alt=\"\" class=\"wp-image-44386\"\/><\/figure>\n","protected":false},"excerpt":{"rendered":"<p>Una multitud de peregrinos se acerc\u00f3 al Santuario San Cayetano para celebrar este mi\u00e9rcoles 7 su festividad y elevar sus plegarias pidiendo su intercesi\u00f3n. Durante todo el d\u00eda el templo, ubicado en la calle Moreno al 6700, recibi\u00f3 a los peregrinos, que formaban una fila para venerar al \u201cPatrono del Pan y del Trabajo\u201d. Varios [&hellip;]<\/p>\n","protected":false},"author":4,"featured_media":0,"comment_status":"open","ping_status":"open","sticky":false,"template":"","format":"standard","meta":{"_et_pb_use_builder":"","_et_pb_old_content":"","_et_gb_content_width":""},"categories":[4],"tags":[],"aioseo_notices":[],"_links":{"self":[{"href":"https:\/\/www.obispado-mdp.org.ar\/a\/wp-json\/wp\/v2\/posts\/44379"}],"collection":[{"href":"https:\/\/www.obispado-mdp.org.ar\/a\/wp-json\/wp\/v2\/posts"}],"about":[{"href":"https:\/\/www.obispado-mdp.org.ar\/a\/wp-json\/wp\/v2\/types\/post"}],"author":[{"embeddable":true,"href":"https:\/\/www.obispado-mdp.org.ar\/a\/wp-json\/wp\/v2\/users\/4"}],"replies":[{"embeddable":true,"href":"https:\/\/www.obispado-mdp.org.ar\/a\/wp-json\/wp\/v2\/comments?post=44379"}],"version-history":[{"count":1,"href":"https:\/\/www.obispado-mdp.org.ar\/a\/wp-json\/wp\/v2\/posts\/44379\/revisions"}],"predecessor-version":[{"id":44388,"href":"https:\/\/www.obispado-mdp.org.ar\/a\/wp-json\/wp\/v2\/posts\/44379\/revisions\/44388"}],"wp:attachment":[{"href":"https:\/\/www.obispado-mdp.org.ar\/a\/wp-json\/wp\/v2\/media?parent=44379"}],"wp:term":[{"taxonomy":"category","embeddable":true,"href":"https:\/\/www.obispado-mdp.org.ar\/a\/wp-json\/wp\/v2\/categories?post=44379"},{"taxonomy":"post_tag","embeddable":true,"href":"https:\/\/www.obispado-mdp.org.ar\/a\/wp-json\/wp\/v2\/tags?post=44379"}],"curies":[{"name":"wp","href":"https:\/\/api.w.org\/{rel}","templated":true}]}}