{"id":44389,"date":"2024-08-09T20:48:50","date_gmt":"2024-08-09T23:48:50","guid":{"rendered":"https:\/\/www.obispado-mdp.org.ar\/a\/?p=44389"},"modified":"2024-08-09T20:50:41","modified_gmt":"2024-08-09T23:50:41","slug":"la-granja-san-francisco-cumplio-su-primer-aniversario","status":"publish","type":"post","link":"https:\/\/www.obispado-mdp.org.ar\/a\/la-granja-san-francisco-cumplio-su-primer-aniversario\/","title":{"rendered":"La \u201cGranja San Francisco\u201d cumpli\u00f3 su primer aniversario"},"content":{"rendered":"\n<p><\/p>\n\n\n\n<p>En una emotiva ceremonia, los residentes de la \u201cGranja San Francisco\u201d celebraron el primer aniversario de ese centro, en el que transitan su proceso ante la situaci\u00f3n de las adicciones. Lo hicieron junto a los integrantes de la \u201cCasa de medio camino\u201d, que est\u00e1n pr\u00f3ximos a ir a San Francisco.<\/p>\n\n\n\n<p>Monse\u00f1or Ernesto Giobando presidi\u00f3 la Eucarist\u00eda, en la que adem\u00e1s se encontraban presentes el equipo que acompa\u00f1a estas propuestas, y los integrantes del Centro Barrial Carlos Mugica, del Hogar de Cristo Don Orione, de la Casa Libertad y Misericordia y del \u201cGalp\u00f3n de Teresa\u201d de Coronel Vidal.<\/p>\n\n\n\n<p>Tambi\u00e9n participaron de la Misa y la posterior merienda fieles de distintas comunidades tales como San Jos\u00e9, Santa Rita y C\u00e1ritas Diocesana, entre otras.El Administrador Apost\u00f3lico los invit\u00f3 a preguntarse \u00bfqu\u00e9 es el Hogar de Cristo para ellos?, lo que motiv\u00f3 profundos testimonios acerca del camino realizado all\u00ed. Asimismo, elev\u00f3 su acci\u00f3n de gracias al Se\u00f1or y a todos los que hacen posible esos espacios eclesiales de acogida y acompa\u00f1amiento.<\/p>\n\n\n\n<p><\/p>\n\n\n\n<figure class=\"wp-block-image size-large\"><img loading=\"lazy\" width=\"1024\" height=\"462\" src=\"https:\/\/www.obispado-mdp.org.ar\/a\/wp-content\/uploads\/2024\/08\/IMG-20240809-WA0240-1024x462.jpg\" alt=\"\" class=\"wp-image-44390\"\/><\/figure>\n\n\n\n<figure class=\"wp-block-image size-large\"><img loading=\"lazy\" width=\"1024\" height=\"462\" src=\"https:\/\/www.obispado-mdp.org.ar\/a\/wp-content\/uploads\/2024\/08\/IMG-20240809-WA0241-1024x462.jpg\" alt=\"\" class=\"wp-image-44391\"\/><\/figure>\n\n\n\n<figure class=\"wp-block-image size-large\"><img loading=\"lazy\" width=\"1024\" height=\"461\" src=\"https:\/\/www.obispado-mdp.org.ar\/a\/wp-content\/uploads\/2024\/08\/IMG-20240809-WA0242-1024x461.jpg\" alt=\"\" class=\"wp-image-44392\"\/><\/figure>\n","protected":false},"excerpt":{"rendered":"<p>En una emotiva ceremonia, los residentes de la \u201cGranja San Francisco\u201d celebraron el primer aniversario de ese centro, en el que transitan su proceso ante la situaci\u00f3n de las adicciones. Lo hicieron junto a los integrantes de la \u201cCasa de medio camino\u201d, que est\u00e1n pr\u00f3ximos a ir a San Francisco. Monse\u00f1or Ernesto Giobando presidi\u00f3 la [&hellip;]<\/p>\n","protected":false},"author":4,"featured_media":0,"comment_status":"open","ping_status":"open","sticky":false,"template":"","format":"standard","meta":{"_et_pb_use_builder":"","_et_pb_old_content":"","_et_gb_content_width":""},"categories":[4],"tags":[],"aioseo_notices":[],"_links":{"self":[{"href":"https:\/\/www.obispado-mdp.org.ar\/a\/wp-json\/wp\/v2\/posts\/44389"}],"collection":[{"href":"https:\/\/www.obispado-mdp.org.ar\/a\/wp-json\/wp\/v2\/posts"}],"about":[{"href":"https:\/\/www.obispado-mdp.org.ar\/a\/wp-json\/wp\/v2\/types\/post"}],"author":[{"embeddable":true,"href":"https:\/\/www.obispado-mdp.org.ar\/a\/wp-json\/wp\/v2\/users\/4"}],"replies":[{"embeddable":true,"href":"https:\/\/www.obispado-mdp.org.ar\/a\/wp-json\/wp\/v2\/comments?post=44389"}],"version-history":[{"count":1,"href":"https:\/\/www.obispado-mdp.org.ar\/a\/wp-json\/wp\/v2\/posts\/44389\/revisions"}],"predecessor-version":[{"id":44393,"href":"https:\/\/www.obispado-mdp.org.ar\/a\/wp-json\/wp\/v2\/posts\/44389\/revisions\/44393"}],"wp:attachment":[{"href":"https:\/\/www.obispado-mdp.org.ar\/a\/wp-json\/wp\/v2\/media?parent=44389"}],"wp:term":[{"taxonomy":"category","embeddable":true,"href":"https:\/\/www.obispado-mdp.org.ar\/a\/wp-json\/wp\/v2\/categories?post=44389"},{"taxonomy":"post_tag","embeddable":true,"href":"https:\/\/www.obispado-mdp.org.ar\/a\/wp-json\/wp\/v2\/tags?post=44389"}],"curies":[{"name":"wp","href":"https:\/\/api.w.org\/{rel}","templated":true}]}}