{"id":44394,"date":"2024-08-11T09:45:09","date_gmt":"2024-08-11T12:45:09","guid":{"rendered":"https:\/\/www.obispado-mdp.org.ar\/a\/?p=44394"},"modified":"2024-08-11T09:45:11","modified_gmt":"2024-08-11T12:45:11","slug":"dia-del-diacono-sean-generosos-en-el-servicio-humilde","status":"publish","type":"post","link":"https:\/\/www.obispado-mdp.org.ar\/a\/dia-del-diacono-sean-generosos-en-el-servicio-humilde\/","title":{"rendered":"D\u00eda del di\u00e1cono: \u201cSean generosos en el servicio humilde\u201d"},"content":{"rendered":"\n<p><\/p>\n\n\n\n<p>Los di\u00e1conos de la di\u00f3cesis se reunieron para dar gracias por su ministerio, en el contexto del \u201cd\u00eda del di\u00e1cono\u201d que se celebra el 10 de agosto, fiesta lit\u00fargica del m\u00e1rtir San Lorenzo, patrono de los di\u00e1conos. La Misa tuvo lugar en la Iglesia Catedral, y estuvo presidida por el administrador apost\u00f3lico, monse\u00f1or Ernesto Giobando sj.<\/p>\n\n\n\n<p>En su homil\u00eda, despu\u00e9s de agradecer la presencia de la familia de los di\u00e1conos, pidi\u00f3 \u201cla gracia de poder servir, que es lo fundamental en la vida cristiana, y es adem\u00e1s lo propio del diaconado, que es el servicio en la Iglesia.\u201d<\/p>\n\n\n\n<p>Comentando la lectura del ap\u00f3stol San Pablo a los Corintios que se proclam\u00f3, destac\u00f3 que \u201cpara poder cosechar con generosidad hay que poner la mano \u2013como en esa \u00e9poca- en la bolsa y esparcir muchas semillas, siendo generosos, lo m\u00e1s abarcativos posible.\u201d \u201cPor eso \u2013agreg\u00f3- pedimos ser generosos en el servicio: generosos delante de Dios, lo que nos lleva a ser generosos ante el pueblo de Dios, ese \u2018sin horario\u2019 al que el Se\u00f1or nos invita.\u201d<\/p>\n\n\n\n<p>Y continu\u00f3 \u201cse nos invita a dar conforme a lo resuelto en el coraz\u00f3n, porque la generosidad pasa primero por el coraz\u00f3n, e implica una elecci\u00f3n: elegir lo que Dios quiera de acuerdo a lo que la Iglesia me pida, ya que el servicio est\u00e1 en orden a la misi\u00f3n recibida, no a lo que me venga en ganas. Dec\u00eda una vez el entonces padre Bergoglio, que \u2018el \u00fanico derecho que tenemos es a ser misionados \u2013enviados-, y que lo dem\u00e1s son obligaciones\u2019.\u201d<\/p>\n\n\n\n<p>Seguidamente explic\u00f3 que \u201clos di\u00e1conos fueron elegidos por una primera sinodalidad que hubo entre los ap\u00f3stoles que estaban viendo c\u00f3mo servir mejor a los pobres y a las viudas sin descuidar lo espec\u00edfico de su ministerio, y le impusieron las manos a esos primeros di\u00e1conos no para el sacerdocio sino para el servicio. Y as\u00ed damos los primeros pasos en el ministerio: en el servicio, que nos marca el camino.\u201d<\/p>\n\n\n\n<p>\u201cPor eso los invito a pedir como segunda gracia, el servicio humilde. Y para eso tenemos que aprender a abajarnos como el grano de trigo que tiene que caer en tierra y morir, que es una imagen que hace referencia al Se\u00f1or, que cay\u00f3 en tierra y muri\u00f3, y dio fruto. El servicio cristiano nos abaja. Nos abaja poner el o\u00eddo, nos agacha el dar de comer. Nos tenemos que agachar para curar, para sanar\u201d, agreg\u00f3.<\/p>\n\n\n\n<p>Finalmente, en l\u00ednea con el Evangelio destac\u00f3 que \u201cJes\u00fas nos invita al desapego interior\u201d y aclar\u00f3 que \u201ctenemos que estar apegados, tenemos que amar y no podemos ser una <em>cinta scotch<\/em> en los afectos, pero \u00e9stos deben estar ordenados para buscar la voluntad de Dios, ordenados al primer mandamiento que es el amor a Dios.<\/p>\n\n\n\n<p>Dirigi\u00e9ndose a los di\u00e1conos, el Administrador Apost\u00f3lico les dijo que \u201cno est\u00e1n ordenados para suplir a los curas sino para vivir su vocaci\u00f3n, que es una bendici\u00f3n\u201d y exclam\u00f3 \u201c\u00a1Qu\u00e9 bendici\u00f3n estar ante una familia y celebrar el Bautismo, que es la puerta de entrada a la vida cristiana, y tambi\u00e9n estar presente encomendando a un difunto, acompa\u00f1ando el duelo!\u201d \u201cEsa es la vida, que es una gracia, y ante ella nosotros, siervos del Se\u00f1or \u2013debemos decir m\u00e1s a menudo siervos in\u00fatiles- solamente hemos hecho lo que se nos ha pedido\u201d, concluy\u00f3.<\/p>\n\n\n\n<figure class=\"wp-block-image size-large\"><img loading=\"lazy\" width=\"1024\" height=\"768\" src=\"https:\/\/www.obispado-mdp.org.ar\/a\/wp-content\/uploads\/2024\/08\/diac-1024x768.jpg\" alt=\"\" class=\"wp-image-44395\"\/><\/figure>\n\n\n\n<figure class=\"wp-block-image size-large\"><img loading=\"lazy\" width=\"1024\" height=\"768\" src=\"https:\/\/www.obispado-mdp.org.ar\/a\/wp-content\/uploads\/2024\/08\/diac-s-1024x768.jpg\" alt=\"\" class=\"wp-image-44396\"\/><\/figure>\n\n\n\n<figure class=\"wp-block-image size-large\"><img loading=\"lazy\" width=\"1024\" height=\"768\" src=\"https:\/\/www.obispado-mdp.org.ar\/a\/wp-content\/uploads\/2024\/08\/diac-3-1024x768.jpg\" alt=\"\" class=\"wp-image-44397\"\/><\/figure>\n","protected":false},"excerpt":{"rendered":"<p>Los di\u00e1conos de la di\u00f3cesis se reunieron para dar gracias por su ministerio, en el contexto del \u201cd\u00eda del di\u00e1cono\u201d que se celebra el 10 de agosto, fiesta lit\u00fargica del m\u00e1rtir San Lorenzo, patrono de los di\u00e1conos. La Misa tuvo lugar en la Iglesia Catedral, y estuvo presidida por el administrador apost\u00f3lico, monse\u00f1or Ernesto Giobando [&hellip;]<\/p>\n","protected":false},"author":4,"featured_media":0,"comment_status":"open","ping_status":"open","sticky":false,"template":"","format":"standard","meta":{"_et_pb_use_builder":"","_et_pb_old_content":"","_et_gb_content_width":""},"categories":[4],"tags":[],"aioseo_notices":[],"_links":{"self":[{"href":"https:\/\/www.obispado-mdp.org.ar\/a\/wp-json\/wp\/v2\/posts\/44394"}],"collection":[{"href":"https:\/\/www.obispado-mdp.org.ar\/a\/wp-json\/wp\/v2\/posts"}],"about":[{"href":"https:\/\/www.obispado-mdp.org.ar\/a\/wp-json\/wp\/v2\/types\/post"}],"author":[{"embeddable":true,"href":"https:\/\/www.obispado-mdp.org.ar\/a\/wp-json\/wp\/v2\/users\/4"}],"replies":[{"embeddable":true,"href":"https:\/\/www.obispado-mdp.org.ar\/a\/wp-json\/wp\/v2\/comments?post=44394"}],"version-history":[{"count":1,"href":"https:\/\/www.obispado-mdp.org.ar\/a\/wp-json\/wp\/v2\/posts\/44394\/revisions"}],"predecessor-version":[{"id":44398,"href":"https:\/\/www.obispado-mdp.org.ar\/a\/wp-json\/wp\/v2\/posts\/44394\/revisions\/44398"}],"wp:attachment":[{"href":"https:\/\/www.obispado-mdp.org.ar\/a\/wp-json\/wp\/v2\/media?parent=44394"}],"wp:term":[{"taxonomy":"category","embeddable":true,"href":"https:\/\/www.obispado-mdp.org.ar\/a\/wp-json\/wp\/v2\/categories?post=44394"},{"taxonomy":"post_tag","embeddable":true,"href":"https:\/\/www.obispado-mdp.org.ar\/a\/wp-json\/wp\/v2\/tags?post=44394"}],"curies":[{"name":"wp","href":"https:\/\/api.w.org\/{rel}","templated":true}]}}