{"id":44411,"date":"2024-08-16T09:38:25","date_gmt":"2024-08-16T12:38:25","guid":{"rendered":"https:\/\/www.obispado-mdp.org.ar\/a\/?p=44411"},"modified":"2024-08-16T09:38:26","modified_gmt":"2024-08-16T12:38:26","slug":"visita-del-administrador-apostolico-a-los-seminaristas-en-la-plata","status":"publish","type":"post","link":"https:\/\/www.obispado-mdp.org.ar\/a\/visita-del-administrador-apostolico-a-los-seminaristas-en-la-plata\/","title":{"rendered":"Visita del Administrador Apost\u00f3lico a los seminaristas en La Plata"},"content":{"rendered":"\n<p>Monse\u00f1or Ernesto Giobando visit\u00f3 este jueves 15 de agosto a los seminaristas que se encuentran en el Seminario Mayor San Jos\u00e9, de la ciudad de La Plata.<\/p>\n\n\n\n<p> Los j\u00f3venes compartieron el almuerzo junto a monse\u00f1or y luego participaron de la Misa en la Capilla San Justino, celebrando la solemnidad de la Asunci\u00f3n de la Sant\u00edsima Virgen Mar\u00eda. <\/p>\n\n\n\n<p>Si bien nuestra di\u00f3cesis cuenta con siete seminaristas, solo cinco est\u00e1n en el seminario platense, ya que otros dos -Agust\u00edn y Leonardo- est\u00e1n en el tramo final de su formaci\u00f3n inicial residiendo en parroquias de la di\u00f3cesis.<\/p>\n\n\n\n<p><\/p>\n\n\n\n<figure class=\"wp-block-image size-full\"><img loading=\"lazy\" width=\"750\" height=\"750\" src=\"https:\/\/www.obispado-mdp.org.ar\/a\/wp-content\/uploads\/2024\/08\/IMG-20240816-WA0001.jpg\" alt=\"\" class=\"wp-image-44412\"\/><\/figure>\n\n\n\n<figure class=\"wp-block-image size-large\"><img loading=\"lazy\" width=\"577\" height=\"1024\" src=\"https:\/\/www.obispado-mdp.org.ar\/a\/wp-content\/uploads\/2024\/08\/IMG-20240816-WA0003-577x1024.jpg\" alt=\"\" class=\"wp-image-44413\"\/><\/figure>\n","protected":false},"excerpt":{"rendered":"<p>Monse\u00f1or Ernesto Giobando visit\u00f3 este jueves 15 de agosto a los seminaristas que se encuentran en el Seminario Mayor San Jos\u00e9, de la ciudad de La Plata. Los j\u00f3venes compartieron el almuerzo junto a monse\u00f1or y luego participaron de la Misa en la Capilla San Justino, celebrando la solemnidad de la Asunci\u00f3n de la Sant\u00edsima [&hellip;]<\/p>\n","protected":false},"author":4,"featured_media":0,"comment_status":"open","ping_status":"open","sticky":false,"template":"","format":"standard","meta":{"_et_pb_use_builder":"","_et_pb_old_content":"","_et_gb_content_width":""},"categories":[4],"tags":[],"aioseo_notices":[],"_links":{"self":[{"href":"https:\/\/www.obispado-mdp.org.ar\/a\/wp-json\/wp\/v2\/posts\/44411"}],"collection":[{"href":"https:\/\/www.obispado-mdp.org.ar\/a\/wp-json\/wp\/v2\/posts"}],"about":[{"href":"https:\/\/www.obispado-mdp.org.ar\/a\/wp-json\/wp\/v2\/types\/post"}],"author":[{"embeddable":true,"href":"https:\/\/www.obispado-mdp.org.ar\/a\/wp-json\/wp\/v2\/users\/4"}],"replies":[{"embeddable":true,"href":"https:\/\/www.obispado-mdp.org.ar\/a\/wp-json\/wp\/v2\/comments?post=44411"}],"version-history":[{"count":2,"href":"https:\/\/www.obispado-mdp.org.ar\/a\/wp-json\/wp\/v2\/posts\/44411\/revisions"}],"predecessor-version":[{"id":44415,"href":"https:\/\/www.obispado-mdp.org.ar\/a\/wp-json\/wp\/v2\/posts\/44411\/revisions\/44415"}],"wp:attachment":[{"href":"https:\/\/www.obispado-mdp.org.ar\/a\/wp-json\/wp\/v2\/media?parent=44411"}],"wp:term":[{"taxonomy":"category","embeddable":true,"href":"https:\/\/www.obispado-mdp.org.ar\/a\/wp-json\/wp\/v2\/categories?post=44411"},{"taxonomy":"post_tag","embeddable":true,"href":"https:\/\/www.obispado-mdp.org.ar\/a\/wp-json\/wp\/v2\/tags?post=44411"}],"curies":[{"name":"wp","href":"https:\/\/api.w.org\/{rel}","templated":true}]}}