{"id":44416,"date":"2024-08-20T16:07:09","date_gmt":"2024-08-20T19:07:09","guid":{"rendered":"https:\/\/www.obispado-mdp.org.ar\/a\/?p=44416"},"modified":"2024-08-20T16:08:18","modified_gmt":"2024-08-20T19:08:18","slug":"presencia-diocesana-en-el-iii-encuentro-nacional-y-i-encuentro-sudamericano-de-coros-liturgicos-en-buenos-aires","status":"publish","type":"post","link":"https:\/\/www.obispado-mdp.org.ar\/a\/presencia-diocesana-en-el-iii-encuentro-nacional-y-i-encuentro-sudamericano-de-coros-liturgicos-en-buenos-aires\/","title":{"rendered":"Presencia diocesana en el III Encuentro Nacional y I Encuentro Sudamericano de Coros Lit\u00fargicos en Buenos Aires"},"content":{"rendered":"\n<p><\/p>\n\n\n\n<p>Bajo el lema \u00abCantar\u00e9 al Se\u00f1or de todo coraz\u00f3n\u00bb (cf Ef 5,19), del 16 al 18 de agosto de 2024, la ciudad de Buenos Aires fue el escenario del III Encuentro Nacional y I Encuentro Sudamericano de Coros Lit\u00fargicos, que tuvo como protagonista principal a monse\u00f1or Marco Frisina, director del coro de la Di\u00f3cesis de Roma y autor de innumerables obras musicales.<\/p>\n\n\n\n<p>Uno de los lugares destacados del Encuentro fue la emblem\u00e1tica Santa Casa de Ejercicios Espirituales, fundada por Santa Mar\u00eda Antonia de San Jos\u00e9, conocida popularmente como \u00abMama Antula\u00bb. All\u00ed, monse\u00f1or Ernesto Giobando sj. brind\u00f3 palabras de bienvenida y su bendici\u00f3n a los participantes. Este hist\u00f3rico lugar, junto con la casa de retiros de las OMP (Obras Misionales Pontificias), no solo hosped\u00f3 a muchas delegaciones, sino que tambi\u00e9n fue el marco de las cenas fraternas, proporcionando un ambiente de recogimiento y fraternidad.<\/p>\n\n\n\n<p>Este destacado encuentro reuni\u00f3 a coros de toda Argentina y Sudam\u00e9rica, entre los que estaban 15 integrantes de algunos de nuestra di\u00f3cesis de Mar del Plata, tales como el Coro Santa Cecilia de la Catedral de Mar del Plata, el Ensamble de Mar\u00eda de la Parroquia Asunci\u00f3n de la Sant\u00edsima Virgen y el Coro de la Parroquia Ntra. Se\u00f1ora de la Paz de Pinamar.<\/p>\n\n\n\n<p>El evento estuvo organizado por el Grupo de M\u00fasica Lit\u00fargica (GML) con el aval de la Conferencia Episcopal Argentina y el Arzobispado de Buenos Aires, y cont\u00f3 con la participaci\u00f3n de m\u00e1s de 30 coros lit\u00fargicos polif\u00f3nicos provenientes de diversas ciudades de Argentina, as\u00ed como de Chile, Paraguay, Colombia, Ecuador y M\u00e9xico.<\/p>\n\n\n\n<p>El comienzo del mismo estuvo marcado por la Adoraci\u00f3n al Sant\u00edsimo con cantos en la Iglesia de Nuestra Se\u00f1ora de Monserrat, marcando el inicio del evento con foco en la m\u00fasica lit\u00fargica y en la unidad de los coros participantes.<\/p>\n\n\n\n<p>El s\u00e1bado por la ma\u00f1ana, en la Universidad Cat\u00f3lica Argentina (UCA), tuvieron lugar las palabras iniciales y la presentaci\u00f3n de monse\u00f1or Marco Frisina, quien tambi\u00e9n ofreci\u00f3 una catequesis sobre la m\u00fasica lit\u00fargica y su importancia en la vida de la Iglesia. Por su parte al mediod\u00eda, presidi\u00f3 la Santa Misa en el auditorio de la UCA, y por la tarde, se llevaron a cabo m\u00e1s de 10 talleres formativos acerca de distintas tem\u00e1ticas.<\/p>\n\n\n\n<p>El domingo por la ma\u00f1ana, los participantes asistieron rezo del oficio de Laudes cantado en la Iglesia de la Inmaculada Concepci\u00f3n y posteriormente realizaron un recorrido por las Iglesias del centro de la ciudad, visitando San Ignacio y San Miguel. Finalmente, asistieron a la Santa Misa Solemne en la Catedral Metropolitana, animada por m\u00e1s de 350 coreutas de los coros participantes. Este cierre, en un entorno tan significativo, \u201ca\u00f1adi\u00f3 una nota de especial solemnidad y recogimiento a todo el evento\u201d, detall\u00f3 uno de los presentes.<\/p>\n\n\n\n<p><\/p>\n\n\n\n<figure class=\"wp-block-image size-large is-resized\"><img loading=\"lazy\" src=\"https:\/\/www.obispado-mdp.org.ar\/a\/wp-content\/uploads\/2024\/08\/IMG-20240819-WA0121-1024x478.jpg\" alt=\"\" class=\"wp-image-44420\" width=\"823\" height=\"382\"\/><\/figure>\n\n\n\n<figure class=\"wp-block-image size-large\"><img loading=\"lazy\" width=\"1024\" height=\"690\" src=\"https:\/\/www.obispado-mdp.org.ar\/a\/wp-content\/uploads\/2024\/08\/IMG-20240819-WA0113-1024x690.jpg\" alt=\"\" class=\"wp-image-44417\"\/><\/figure>\n\n\n\n<figure class=\"wp-block-image size-large\"><img loading=\"lazy\" width=\"1024\" height=\"636\" src=\"https:\/\/www.obispado-mdp.org.ar\/a\/wp-content\/uploads\/2024\/08\/IMG-20240819-WA0114-1024x636.jpg\" alt=\"\" class=\"wp-image-44418\"\/><\/figure>\n\n\n\n<figure class=\"wp-block-image size-large\"><img loading=\"lazy\" width=\"1024\" height=\"856\" src=\"https:\/\/www.obispado-mdp.org.ar\/a\/wp-content\/uploads\/2024\/08\/IMG-20240819-WA0120-1024x856.jpg\" alt=\"\" class=\"wp-image-44419\"\/><\/figure>\n","protected":false},"excerpt":{"rendered":"<p>Bajo el lema \u00abCantar\u00e9 al Se\u00f1or de todo coraz\u00f3n\u00bb (cf Ef 5,19), del 16 al 18 de agosto de 2024, la ciudad de Buenos Aires fue el escenario del III Encuentro Nacional y I Encuentro Sudamericano de Coros Lit\u00fargicos, que tuvo como protagonista principal a monse\u00f1or Marco Frisina, director del coro de la Di\u00f3cesis de [&hellip;]<\/p>\n","protected":false},"author":4,"featured_media":0,"comment_status":"open","ping_status":"open","sticky":false,"template":"","format":"standard","meta":{"_et_pb_use_builder":"","_et_pb_old_content":"","_et_gb_content_width":""},"categories":[4],"tags":[],"aioseo_notices":[],"_links":{"self":[{"href":"https:\/\/www.obispado-mdp.org.ar\/a\/wp-json\/wp\/v2\/posts\/44416"}],"collection":[{"href":"https:\/\/www.obispado-mdp.org.ar\/a\/wp-json\/wp\/v2\/posts"}],"about":[{"href":"https:\/\/www.obispado-mdp.org.ar\/a\/wp-json\/wp\/v2\/types\/post"}],"author":[{"embeddable":true,"href":"https:\/\/www.obispado-mdp.org.ar\/a\/wp-json\/wp\/v2\/users\/4"}],"replies":[{"embeddable":true,"href":"https:\/\/www.obispado-mdp.org.ar\/a\/wp-json\/wp\/v2\/comments?post=44416"}],"version-history":[{"count":2,"href":"https:\/\/www.obispado-mdp.org.ar\/a\/wp-json\/wp\/v2\/posts\/44416\/revisions"}],"predecessor-version":[{"id":44422,"href":"https:\/\/www.obispado-mdp.org.ar\/a\/wp-json\/wp\/v2\/posts\/44416\/revisions\/44422"}],"wp:attachment":[{"href":"https:\/\/www.obispado-mdp.org.ar\/a\/wp-json\/wp\/v2\/media?parent=44416"}],"wp:term":[{"taxonomy":"category","embeddable":true,"href":"https:\/\/www.obispado-mdp.org.ar\/a\/wp-json\/wp\/v2\/categories?post=44416"},{"taxonomy":"post_tag","embeddable":true,"href":"https:\/\/www.obispado-mdp.org.ar\/a\/wp-json\/wp\/v2\/tags?post=44416"}],"curies":[{"name":"wp","href":"https:\/\/api.w.org\/{rel}","templated":true}]}}