{"id":44424,"date":"2024-08-22T10:29:04","date_gmt":"2024-08-22T13:29:04","guid":{"rendered":"https:\/\/www.obispado-mdp.org.ar\/a\/?p=44424"},"modified":"2024-08-22T10:29:05","modified_gmt":"2024-08-22T13:29:05","slug":"la-pastoral-vocacional-diocesana-llevo-adelante-el-retiro-para-novios","status":"publish","type":"post","link":"https:\/\/www.obispado-mdp.org.ar\/a\/la-pastoral-vocacional-diocesana-llevo-adelante-el-retiro-para-novios\/","title":{"rendered":"La Pastoral Vocacional Diocesana llev\u00f3 adelante el Retiro para novios"},"content":{"rendered":"\n<p><\/p>\n\n\n\n<p>Durante el fin de semana del 17 y 18 de agosto se desarroll\u00f3 en la Casa de Ejercicios San Francisco y Santa Clara, del Bosque Peralta Ramos, el 4to. Retiro para Novios organizado por la Pastoral Vocacional de la Di\u00f3cesis de Mar del Plata.<\/p>\n\n\n\n<p>Doce parejas de novios y un equipo formado por matrimonios, una consagrada y un sacerdote compartieron espacios de charlas, reflexiones y vivencias sobre el noviazgo como un camino de discernimiento, di\u00e1logo y oraci\u00f3n.<\/p>\n\n\n\n<p>A trav\u00e9s de momentos intensos de trabajo en pareja y profundos espacios de espiritualidad, cada pareja fue invitada a conversar y revisar su relaci\u00f3n a la luz de temas como la vocaci\u00f3n personal, el enamoramiento y el amor maduro, la comunicaci\u00f3n y el di\u00e1logo, la sexualidad, la espiritualidad y el matrimonio como sacramento.<\/p>\n\n\n\n<p>El administrador apost\u00f3lico, monse\u00f1or Ernesto Giobando sj., se hizo presente durante un momento compartiendo su mensaje y dando la bendici\u00f3n. Por su parte los organizadores expresaron su anhelo de que \u201cDios haga crecer en profundidad y anchura el amor de todas las parejas que eligieron regalarse ese fin de semana y recompense con generosidad a todas las personas que lo hicieron posible con su oraci\u00f3n, tiempo, donaciones, presencia y cercan\u00eda.\u201d<\/p>\n\n\n\n<p><\/p>\n\n\n\n<figure class=\"wp-block-image size-large\"><img loading=\"lazy\" width=\"1024\" height=\"576\" src=\"https:\/\/www.obispado-mdp.org.ar\/a\/wp-content\/uploads\/2024\/08\/mensaje-de-mons.giobando-5-1024x576.png\" alt=\"\" class=\"wp-image-44425\"\/><\/figure>\n\n\n\n<figure class=\"wp-block-image size-large is-resized\"><img loading=\"lazy\" src=\"https:\/\/www.obispado-mdp.org.ar\/a\/wp-content\/uploads\/2024\/08\/Imagen-de-WhatsApp-2024-08-20-a-las-16.45.33_5bb696c0-768x1024.jpg\" alt=\"\" class=\"wp-image-44427\" width=\"820\" height=\"1093\"\/><\/figure>\n\n\n\n<figure class=\"wp-block-image size-large is-resized\"><img loading=\"lazy\" src=\"https:\/\/www.obispado-mdp.org.ar\/a\/wp-content\/uploads\/2024\/08\/Imagen-de-WhatsApp-2024-08-20-a-las-16.45.32_108cd4bc-768x1024.jpg\" alt=\"\" class=\"wp-image-44426\" width=\"820\" height=\"1093\"\/><\/figure>\n","protected":false},"excerpt":{"rendered":"<p>Durante el fin de semana del 17 y 18 de agosto se desarroll\u00f3 en la Casa de Ejercicios San Francisco y Santa Clara, del Bosque Peralta Ramos, el 4to. Retiro para Novios organizado por la Pastoral Vocacional de la Di\u00f3cesis de Mar del Plata. Doce parejas de novios y un equipo formado por matrimonios, una [&hellip;]<\/p>\n","protected":false},"author":4,"featured_media":0,"comment_status":"open","ping_status":"open","sticky":false,"template":"","format":"standard","meta":{"_et_pb_use_builder":"","_et_pb_old_content":"","_et_gb_content_width":""},"categories":[4],"tags":[],"aioseo_notices":[],"_links":{"self":[{"href":"https:\/\/www.obispado-mdp.org.ar\/a\/wp-json\/wp\/v2\/posts\/44424"}],"collection":[{"href":"https:\/\/www.obispado-mdp.org.ar\/a\/wp-json\/wp\/v2\/posts"}],"about":[{"href":"https:\/\/www.obispado-mdp.org.ar\/a\/wp-json\/wp\/v2\/types\/post"}],"author":[{"embeddable":true,"href":"https:\/\/www.obispado-mdp.org.ar\/a\/wp-json\/wp\/v2\/users\/4"}],"replies":[{"embeddable":true,"href":"https:\/\/www.obispado-mdp.org.ar\/a\/wp-json\/wp\/v2\/comments?post=44424"}],"version-history":[{"count":1,"href":"https:\/\/www.obispado-mdp.org.ar\/a\/wp-json\/wp\/v2\/posts\/44424\/revisions"}],"predecessor-version":[{"id":44429,"href":"https:\/\/www.obispado-mdp.org.ar\/a\/wp-json\/wp\/v2\/posts\/44424\/revisions\/44429"}],"wp:attachment":[{"href":"https:\/\/www.obispado-mdp.org.ar\/a\/wp-json\/wp\/v2\/media?parent=44424"}],"wp:term":[{"taxonomy":"category","embeddable":true,"href":"https:\/\/www.obispado-mdp.org.ar\/a\/wp-json\/wp\/v2\/categories?post=44424"},{"taxonomy":"post_tag","embeddable":true,"href":"https:\/\/www.obispado-mdp.org.ar\/a\/wp-json\/wp\/v2\/tags?post=44424"}],"curies":[{"name":"wp","href":"https:\/\/api.w.org\/{rel}","templated":true}]}}