{"id":44430,"date":"2024-08-23T08:05:00","date_gmt":"2024-08-23T11:05:00","guid":{"rendered":"https:\/\/www.obispado-mdp.org.ar\/a\/?p=44430"},"modified":"2024-08-23T08:08:51","modified_gmt":"2024-08-23T11:08:51","slug":"el-administrador-apostolico-realizo-nombramientos-en-distintos-organismos-y-pastorales-diocesanas","status":"publish","type":"post","link":"https:\/\/www.obispado-mdp.org.ar\/a\/el-administrador-apostolico-realizo-nombramientos-en-distintos-organismos-y-pastorales-diocesanas\/","title":{"rendered":"El Administrador Apost\u00f3lico realiz\u00f3 nombramientos en distintos organismos y pastorales diocesanas"},"content":{"rendered":"\n<p><\/p>\n\n\n\n<p>El administrador apost\u00f3lico, monse\u00f1or Ernesto Giobando sj. firm\u00f3 varios decretos a trav\u00e9s de los cuales formaliz\u00f3 nombramientos en la Oficina de Comunicaci\u00f3n y Prensa del Obispado, en la Comisi\u00f3n Diocesana de Pastoral de la Salud y la de Pastoral Vocacional, en el Consejo Diocesano de la Legi\u00f3n de Mar\u00eda, y en el Movimiento Juvenil Diocesano (MJD).<\/p>\n\n\n\n<p>En cuanto a la Oficina de Prensa y Comunicaci\u00f3n, formaliz\u00f3 la designaci\u00f3n como director de Juan Pablo Uriona, quien ya ven\u00eda desempe\u00f1\u00e1ndose interinamente en esa funci\u00f3n desde febrero pasado, acompa\u00f1ado por el presb\u00edtero Juan Cruz Mennilli, como asesor.<\/p>\n\n\n\n<p>Asimismo nombr\u00f3 en la Comisi\u00f3n Diocesana de Pastoral de la Salud a Estela Luj\u00e1n G\u00f3mez ocv. como coordinadora, siendo miembros de la misma Lourdes Amato, Mar\u00eda Fernanda S\u00e1nchez, Elba Arias y Eduardo Carlos Castelnovo. El presb\u00edtero Silvano de Sarro contin\u00faa como asesor.<\/p>\n\n\n\n<p>Por su parte, monse\u00f1or Giobando renov\u00f3 el mandato de quienes acompa\u00f1an a la Pastoral Vocacional Diocesana, con Gast\u00f3n Daniel Aguirrezabala como delegado Episcopal y el presb\u00edtero Juan Pablo Arrachea y la Servidora Angela Margarita Bovier como asesores espirituales.<\/p>\n\n\n\n<p>En el Consejo Diocesano de la Legi\u00f3n de Mar\u00eda, el Administrador Apost\u00f3lico nombr\u00f3 a Isabel Ofelia Magan como presidente, Mar\u00eda Irma Surum como vicepresidente, Carlos Mario Santucho como secretario, Silvina Mabel C\u00f3rdoba como tesorera, Delicia C\u00f3rdoba como asistente y el presb\u00edtero H\u00e9ctor Bachmeier como director espiritual.<\/p>\n\n\n\n<p>Finalmente, renov\u00f3 el mandato de quienes prestan su apostolado en el MJD, ratificando al presb\u00edtero Lucas Ezequiel Di Leva como sacerdote asesor, y a Vanesa Del Castillo, Pablo Francisco Corva y Daniel Adri\u00e1n Romero Vargas como asesores laicos.<\/p>\n\n\n<div class=\"wp-block-image\">\n<figure class=\"aligncenter size-full is-resized\"><img loading=\"lazy\" src=\"https:\/\/www.obispado-mdp.org.ar\/a\/wp-content\/uploads\/2024\/08\/IMG-20240620-WA0013.jpg\" alt=\"\" class=\"wp-image-44431\" width=\"342\" height=\"342\"\/><\/figure><\/div>","protected":false},"excerpt":{"rendered":"<p>El administrador apost\u00f3lico, monse\u00f1or Ernesto Giobando sj. firm\u00f3 varios decretos a trav\u00e9s de los cuales formaliz\u00f3 nombramientos en la Oficina de Comunicaci\u00f3n y Prensa del Obispado, en la Comisi\u00f3n Diocesana de Pastoral de la Salud y la de Pastoral Vocacional, en el Consejo Diocesano de la Legi\u00f3n de Mar\u00eda, y en el Movimiento Juvenil Diocesano [&hellip;]<\/p>\n","protected":false},"author":4,"featured_media":0,"comment_status":"open","ping_status":"open","sticky":false,"template":"","format":"standard","meta":{"_et_pb_use_builder":"","_et_pb_old_content":"","_et_gb_content_width":""},"categories":[4],"tags":[],"aioseo_notices":[],"_links":{"self":[{"href":"https:\/\/www.obispado-mdp.org.ar\/a\/wp-json\/wp\/v2\/posts\/44430"}],"collection":[{"href":"https:\/\/www.obispado-mdp.org.ar\/a\/wp-json\/wp\/v2\/posts"}],"about":[{"href":"https:\/\/www.obispado-mdp.org.ar\/a\/wp-json\/wp\/v2\/types\/post"}],"author":[{"embeddable":true,"href":"https:\/\/www.obispado-mdp.org.ar\/a\/wp-json\/wp\/v2\/users\/4"}],"replies":[{"embeddable":true,"href":"https:\/\/www.obispado-mdp.org.ar\/a\/wp-json\/wp\/v2\/comments?post=44430"}],"version-history":[{"count":3,"href":"https:\/\/www.obispado-mdp.org.ar\/a\/wp-json\/wp\/v2\/posts\/44430\/revisions"}],"predecessor-version":[{"id":44434,"href":"https:\/\/www.obispado-mdp.org.ar\/a\/wp-json\/wp\/v2\/posts\/44430\/revisions\/44434"}],"wp:attachment":[{"href":"https:\/\/www.obispado-mdp.org.ar\/a\/wp-json\/wp\/v2\/media?parent=44430"}],"wp:term":[{"taxonomy":"category","embeddable":true,"href":"https:\/\/www.obispado-mdp.org.ar\/a\/wp-json\/wp\/v2\/categories?post=44430"},{"taxonomy":"post_tag","embeddable":true,"href":"https:\/\/www.obispado-mdp.org.ar\/a\/wp-json\/wp\/v2\/tags?post=44430"}],"curies":[{"name":"wp","href":"https:\/\/api.w.org\/{rel}","templated":true}]}}