{"id":44435,"date":"2024-08-23T21:31:45","date_gmt":"2024-08-24T00:31:45","guid":{"rendered":"https:\/\/www.obispado-mdp.org.ar\/a\/?p=44435"},"modified":"2024-08-23T21:31:46","modified_gmt":"2024-08-24T00:31:46","slug":"las-misioneras-de-la-caridad-celebraron-la-fiesta-del-inmaculado-corazon-de-maria","status":"publish","type":"post","link":"https:\/\/www.obispado-mdp.org.ar\/a\/las-misioneras-de-la-caridad-celebraron-la-fiesta-del-inmaculado-corazon-de-maria\/","title":{"rendered":"Las Misioneras de la Caridad celebraron la fiesta del Inmaculado Coraz\u00f3n de Mar\u00eda"},"content":{"rendered":"\n<p><\/p>\n\n\n\n<p>Las Misioneras de la Caridad, fundadas por Santa Teresa de Calcuta, celebraron el lunes 22 de agosto el patrocinio del Inmaculado Coraz\u00f3n de Mar\u00eda, en el Hogar que las hermanas atienden en nuestra ciudad en el Barrio Parque Palermo. Cabe destacar que la primera casa destinada a recibir a \u00ablos m\u00e1s pobres entre los pobres\u00bb fue nombrada \u201cInmaculado Coraz\u00f3n de Mar\u00eda\u201d por Madre Teresa. Era 1952, y la liturgia celebraba ese d\u00eda esta advocaci\u00f3n de la Virgen. Desde entonces, la Congregaci\u00f3n se conf\u00eda al coraz\u00f3n inmaculado y misericordioso de Mar\u00eda.<\/p>\n\n\n\n<p>El administrador apost\u00f3lico monse\u00f1or Ernesto Giobando sj. presidi\u00f3 la Santa Misa, que fue concelebrada por el p\u00e1rroco de Santa Rita, presb\u00edtero Hern\u00e1n David y por los sacerdotes de FASTA, Francisco Lazaro y Federico Rossini, quienes se hicieron presente con el recientemente ordenado di\u00e1cono Gabriel Filipi.<\/p>\n\n\n\n<p>En su homil\u00eda, monse\u00f1or Giobando profundiz\u00f3 en las actitudes de la \u201chumildad y el servicio\u201d, destacando adem\u00e1s la presencia de una reliquia de Santa Teresa del Ni\u00f1o Jes\u00fas que est\u00e1 recorriendo la di\u00f3cesis y que se encontraba expuesta durante esa celebraci\u00f3n. \u201cSanta Teresita es patrona de las misiones, y vivi\u00f3 su vida religiosa en un convento\u201d, explic\u00f3, y destac\u00f3 que \u201clas hermanas que hoy acompa\u00f1an ac\u00e1 tambi\u00e9n son misioneras, venidas de distintas partes del mundo para estar ac\u00e1, viviendo su carisma en la atenci\u00f3n de los m\u00e1s pobres entre los pobres.\u201d<\/p>\n\n\n\n<figure class=\"wp-block-image size-large\"><img loading=\"lazy\" width=\"1024\" height=\"768\" src=\"https:\/\/www.obispado-mdp.org.ar\/a\/wp-content\/uploads\/2024\/08\/Imagen-de-WhatsApp-2024-08-22-a-las-22.57.00_bba3f064-1024x768.jpg\" alt=\"\" class=\"wp-image-44436\"\/><\/figure>\n\n\n\n<figure class=\"wp-block-image size-large is-resized\"><img loading=\"lazy\" src=\"https:\/\/www.obispado-mdp.org.ar\/a\/wp-content\/uploads\/2024\/08\/Imagen-de-WhatsApp-2024-08-22-a-las-22.57.02_8f72b7f9-768x1024.jpg\" alt=\"\" class=\"wp-image-44437\" width=\"822\" height=\"1096\"\/><\/figure>\n\n\n\n\n\n<figure class=\"wp-block-image size-large is-resized\"><img loading=\"lazy\" src=\"https:\/\/www.obispado-mdp.org.ar\/a\/wp-content\/uploads\/2024\/08\/Imagen-de-WhatsApp-2024-08-22-a-las-22.57.03_43b0765e-768x1024.jpg\" alt=\"\" class=\"wp-image-44439\" width=\"819\" height=\"1092\"\/><\/figure>\n","protected":false},"excerpt":{"rendered":"<p>Las Misioneras de la Caridad, fundadas por Santa Teresa de Calcuta, celebraron el lunes 22 de agosto el patrocinio del Inmaculado Coraz\u00f3n de Mar\u00eda, en el Hogar que las hermanas atienden en nuestra ciudad en el Barrio Parque Palermo. Cabe destacar que la primera casa destinada a recibir a \u00ablos m\u00e1s pobres entre los pobres\u00bb [&hellip;]<\/p>\n","protected":false},"author":4,"featured_media":0,"comment_status":"open","ping_status":"open","sticky":false,"template":"","format":"standard","meta":{"_et_pb_use_builder":"","_et_pb_old_content":"","_et_gb_content_width":""},"categories":[4],"tags":[],"aioseo_notices":[],"_links":{"self":[{"href":"https:\/\/www.obispado-mdp.org.ar\/a\/wp-json\/wp\/v2\/posts\/44435"}],"collection":[{"href":"https:\/\/www.obispado-mdp.org.ar\/a\/wp-json\/wp\/v2\/posts"}],"about":[{"href":"https:\/\/www.obispado-mdp.org.ar\/a\/wp-json\/wp\/v2\/types\/post"}],"author":[{"embeddable":true,"href":"https:\/\/www.obispado-mdp.org.ar\/a\/wp-json\/wp\/v2\/users\/4"}],"replies":[{"embeddable":true,"href":"https:\/\/www.obispado-mdp.org.ar\/a\/wp-json\/wp\/v2\/comments?post=44435"}],"version-history":[{"count":4,"href":"https:\/\/www.obispado-mdp.org.ar\/a\/wp-json\/wp\/v2\/posts\/44435\/revisions"}],"predecessor-version":[{"id":44485,"href":"https:\/\/www.obispado-mdp.org.ar\/a\/wp-json\/wp\/v2\/posts\/44435\/revisions\/44485"}],"wp:attachment":[{"href":"https:\/\/www.obispado-mdp.org.ar\/a\/wp-json\/wp\/v2\/media?parent=44435"}],"wp:term":[{"taxonomy":"category","embeddable":true,"href":"https:\/\/www.obispado-mdp.org.ar\/a\/wp-json\/wp\/v2\/categories?post=44435"},{"taxonomy":"post_tag","embeddable":true,"href":"https:\/\/www.obispado-mdp.org.ar\/a\/wp-json\/wp\/v2\/tags?post=44435"}],"curies":[{"name":"wp","href":"https:\/\/api.w.org\/{rel}","templated":true}]}}