{"id":44442,"date":"2024-08-26T00:23:41","date_gmt":"2024-08-26T03:23:41","guid":{"rendered":"https:\/\/www.obispado-mdp.org.ar\/a\/?p=44442"},"modified":"2024-08-26T00:23:42","modified_gmt":"2024-08-26T03:23:42","slug":"mas-de-200-catequistas-se-renovaron-y-compartieron-una-jornada-diocesana","status":"publish","type":"post","link":"https:\/\/www.obispado-mdp.org.ar\/a\/mas-de-200-catequistas-se-renovaron-y-compartieron-una-jornada-diocesana\/","title":{"rendered":"M\u00e1s de 200 catequistas \u201cse renovaron\u201d y compartieron una Jornada Diocesana"},"content":{"rendered":"\n<p>Con el lema \u201cCatequistas renovados para el mundo de hoy\u201d catequistas de la di\u00f3cesis participaron de la Jornada Diocesana de Catequistas, que tuvo lugar el pasado s\u00e1bado 24 de agosto en instalaciones del Colegio Jes\u00fas Obrero.<\/p>\n\n\n\n<p>Los m\u00e1s de 200 catequistas de las parroquias y escuelas de la di\u00f3cesis comenzaron el encuentro con distintas din\u00e1micas que estuvieron a cargo de los catequistas m\u00e1s j\u00f3venes. <\/p>\n\n\n\n<p>A continuaci\u00f3n, participaron de un momento de oraci\u00f3n ante el Sant\u00edsimo Sacramento. All\u00ed monse\u00f1or Ernesto Giobando gui\u00f3 el momento de oraci\u00f3n, ofreciendo una contemplaci\u00f3n que invit\u00f3 a los participantes \u201ca ir a Nazaret\u201d.<\/p>\n\n\n\n<p>Luego, cerrando la ma\u00f1ana el Administrador Apost\u00f3lico ofreci\u00f3 una reflexi\u00f3n en la que tom\u00f3 como eje la catequesis del papa Francisco titulada \u201cLa pasi\u00f3n por la evangelizaci\u00f3n: el celo apost\u00f3lico del creyente\u201d, impartida por el Santo Padre el 15 de febrero de 2023.<\/p>\n\n\n\n<p>Por la tarde se desarrollaron doce talleres en simult\u00e1neo, tales como \u201cLos desaf\u00edos de la catequesis en el tiempo actual\u201d, \u201cEspiritualidad del catequista\u201d, \u201cLa m\u00fasica y la catequesis\u201d, \u201cGodly Play\u201d, \u201cCelebrando la catequesis\u201d, \u201cJes\u00fas para adolescentes y j\u00f3venes\u201d, \u201cAdoraci\u00f3n para ni\u00f1os\u201d, \u201cCatequistas apasionados, al estilo de San Pablo\u201d, \u201cLo l\u00fadico en la catequesis con adultos\u201d, \u201cAmbientes protegidos\u201d, \u201cH\u00e1galo usted mismo\u201d, e \u201cInfancias y adolescentes en internet\u201d.<\/p>\n\n\n\n<p>Finalmente, el encuentro concluy\u00f3 con la celebraci\u00f3n de la Santa Misa, que estuvo presidida por el presb\u00edtero Ezequiel Kseim, asesor del Secretariado Diocesano de Catequesis Renovada. Concelebraron los presb\u00edteros Daniel Climente, David Ochoa y Gonzalo Domench.<\/p>\n\n\n\n<p><\/p>\n\n\n\n<figure class=\"wp-block-image size-large\"><img loading=\"lazy\" width=\"1024\" height=\"768\" src=\"https:\/\/www.obispado-mdp.org.ar\/a\/wp-content\/uploads\/2024\/08\/IMG-20240825-WA0091-1024x768.jpg\" alt=\"\" class=\"wp-image-44443\"\/><\/figure>\n\n\n\n<figure class=\"wp-block-image size-large\"><img loading=\"lazy\" width=\"1024\" height=\"576\" src=\"https:\/\/www.obispado-mdp.org.ar\/a\/wp-content\/uploads\/2024\/08\/IMG-20240825-WA0094-1024x576.jpg\" alt=\"\" class=\"wp-image-44444\"\/><\/figure>\n\n\n\n<figure class=\"wp-block-image size-large is-resized\"><img loading=\"lazy\" src=\"https:\/\/www.obispado-mdp.org.ar\/a\/wp-content\/uploads\/2024\/08\/IMG-20240825-WA0096-757x1024.jpg\" alt=\"\" class=\"wp-image-44446\" width=\"821\" height=\"1111\"\/><\/figure>\n\n\n\n<figure class=\"wp-block-image size-large\"><img loading=\"lazy\" width=\"1024\" height=\"768\" src=\"https:\/\/www.obispado-mdp.org.ar\/a\/wp-content\/uploads\/2024\/08\/IMG-20240825-WA0093-1024x768.jpg\" alt=\"\" class=\"wp-image-44445\"\/><\/figure>\n","protected":false},"excerpt":{"rendered":"<p>Con el lema \u201cCatequistas renovados para el mundo de hoy\u201d catequistas de la di\u00f3cesis participaron de la Jornada Diocesana de Catequistas, que tuvo lugar el pasado s\u00e1bado 24 de agosto en instalaciones del Colegio Jes\u00fas Obrero. Los m\u00e1s de 200 catequistas de las parroquias y escuelas de la di\u00f3cesis comenzaron el encuentro con distintas din\u00e1micas [&hellip;]<\/p>\n","protected":false},"author":4,"featured_media":0,"comment_status":"open","ping_status":"open","sticky":false,"template":"","format":"standard","meta":{"_et_pb_use_builder":"","_et_pb_old_content":"","_et_gb_content_width":""},"categories":[4],"tags":[],"aioseo_notices":[],"_links":{"self":[{"href":"https:\/\/www.obispado-mdp.org.ar\/a\/wp-json\/wp\/v2\/posts\/44442"}],"collection":[{"href":"https:\/\/www.obispado-mdp.org.ar\/a\/wp-json\/wp\/v2\/posts"}],"about":[{"href":"https:\/\/www.obispado-mdp.org.ar\/a\/wp-json\/wp\/v2\/types\/post"}],"author":[{"embeddable":true,"href":"https:\/\/www.obispado-mdp.org.ar\/a\/wp-json\/wp\/v2\/users\/4"}],"replies":[{"embeddable":true,"href":"https:\/\/www.obispado-mdp.org.ar\/a\/wp-json\/wp\/v2\/comments?post=44442"}],"version-history":[{"count":2,"href":"https:\/\/www.obispado-mdp.org.ar\/a\/wp-json\/wp\/v2\/posts\/44442\/revisions"}],"predecessor-version":[{"id":44448,"href":"https:\/\/www.obispado-mdp.org.ar\/a\/wp-json\/wp\/v2\/posts\/44442\/revisions\/44448"}],"wp:attachment":[{"href":"https:\/\/www.obispado-mdp.org.ar\/a\/wp-json\/wp\/v2\/media?parent=44442"}],"wp:term":[{"taxonomy":"category","embeddable":true,"href":"https:\/\/www.obispado-mdp.org.ar\/a\/wp-json\/wp\/v2\/categories?post=44442"},{"taxonomy":"post_tag","embeddable":true,"href":"https:\/\/www.obispado-mdp.org.ar\/a\/wp-json\/wp\/v2\/tags?post=44442"}],"curies":[{"name":"wp","href":"https:\/\/api.w.org\/{rel}","templated":true}]}}