{"id":44449,"date":"2024-08-27T14:30:49","date_gmt":"2024-08-27T17:30:49","guid":{"rendered":"https:\/\/www.obispado-mdp.org.ar\/a\/?p=44449"},"modified":"2024-08-27T14:30:51","modified_gmt":"2024-08-27T17:30:51","slug":"la-parroquia-san-pio-x-celebro-su-fiesta-patronal","status":"publish","type":"post","link":"https:\/\/www.obispado-mdp.org.ar\/a\/la-parroquia-san-pio-x-celebro-su-fiesta-patronal\/","title":{"rendered":"La Parroquia San Pio X celebr\u00f3 su Fiesta Patronal"},"content":{"rendered":"\n<p>La comunidad de San Pio X celebr\u00f3 el pasado s\u00e1bado 24 su Fiesta Patronal.<\/p>\n\n\n\n<p>La Misa central fue presidida por el administrador apost\u00f3lico, monse\u00f1or Ernesto Giobando sj. en el templo parroquial, ubicado en la zona de Punta Mogotes. <\/p>\n\n\n\n<p>En esa oportunidad, ni\u00f1os, j\u00f3venes y adultos de la comunidad recibieron el sacramento de la confirmaci\u00f3n.<\/p>\n\n\n\n<p>San Pio X, es patrono de los catequistas, por lo que la comunidad elev\u00f3 especialmente su oraci\u00f3n pidiendo por todos aquellos que desempe\u00f1an ese ministerio.<\/p>\n\n\n\n<p>La banda de m\u00fasica de la Base Naval Mar del Plata se hizo presente e interpret\u00f3 distintas obras, que dieron un marco especial a la fiesta y generaron el aplauso de los presentes.<\/p>\n\n\n\n<p>El cura p\u00e1rroco, presb\u00edtero Jos\u00e9 Luis Pu\u00f1al, agradeci\u00f3 la presencia del Administrador Apost\u00f3lico y la presencia de todos los asistentes, a la vez que destac\u00f3 el trabajo de la comunidad que llev\u00f3 adelante distintas actividades para honrar a su Patrono.<\/p>\n\n\n\n<figure class=\"wp-block-image size-large\"><img loading=\"lazy\" width=\"1024\" height=\"768\" src=\"https:\/\/www.obispado-mdp.org.ar\/a\/wp-content\/uploads\/2024\/08\/Imagen-de-WhatsApp-2024-08-24-a-las-21.50.07_a24ecf98-1024x768.jpg\" alt=\"\" class=\"wp-image-44452\"\/><\/figure>\n\n\n\n<figure class=\"wp-block-image size-large\"><img loading=\"lazy\" width=\"1024\" height=\"768\" src=\"https:\/\/www.obispado-mdp.org.ar\/a\/wp-content\/uploads\/2024\/08\/Imagen-de-WhatsApp-2024-08-24-a-las-21.50.07_15779d08-1024x768.jpg\" alt=\"\" class=\"wp-image-44450\"\/><\/figure>\n\n\n\n<figure class=\"wp-block-image size-large\"><img loading=\"lazy\" width=\"1024\" height=\"768\" src=\"https:\/\/www.obispado-mdp.org.ar\/a\/wp-content\/uploads\/2024\/08\/Imagen-de-WhatsApp-2024-08-24-a-las-21.50.06_a2dbe8e5-1024x768.jpg\" alt=\"\" class=\"wp-image-44451\"\/><\/figure>\n","protected":false},"excerpt":{"rendered":"<p>La comunidad de San Pio X celebr\u00f3 el pasado s\u00e1bado 24 su Fiesta Patronal. La Misa central fue presidida por el administrador apost\u00f3lico, monse\u00f1or Ernesto Giobando sj. en el templo parroquial, ubicado en la zona de Punta Mogotes. En esa oportunidad, ni\u00f1os, j\u00f3venes y adultos de la comunidad recibieron el sacramento de la confirmaci\u00f3n. San [&hellip;]<\/p>\n","protected":false},"author":4,"featured_media":0,"comment_status":"open","ping_status":"open","sticky":false,"template":"","format":"standard","meta":{"_et_pb_use_builder":"","_et_pb_old_content":"","_et_gb_content_width":""},"categories":[4],"tags":[],"aioseo_notices":[],"_links":{"self":[{"href":"https:\/\/www.obispado-mdp.org.ar\/a\/wp-json\/wp\/v2\/posts\/44449"}],"collection":[{"href":"https:\/\/www.obispado-mdp.org.ar\/a\/wp-json\/wp\/v2\/posts"}],"about":[{"href":"https:\/\/www.obispado-mdp.org.ar\/a\/wp-json\/wp\/v2\/types\/post"}],"author":[{"embeddable":true,"href":"https:\/\/www.obispado-mdp.org.ar\/a\/wp-json\/wp\/v2\/users\/4"}],"replies":[{"embeddable":true,"href":"https:\/\/www.obispado-mdp.org.ar\/a\/wp-json\/wp\/v2\/comments?post=44449"}],"version-history":[{"count":2,"href":"https:\/\/www.obispado-mdp.org.ar\/a\/wp-json\/wp\/v2\/posts\/44449\/revisions"}],"predecessor-version":[{"id":44454,"href":"https:\/\/www.obispado-mdp.org.ar\/a\/wp-json\/wp\/v2\/posts\/44449\/revisions\/44454"}],"wp:attachment":[{"href":"https:\/\/www.obispado-mdp.org.ar\/a\/wp-json\/wp\/v2\/media?parent=44449"}],"wp:term":[{"taxonomy":"category","embeddable":true,"href":"https:\/\/www.obispado-mdp.org.ar\/a\/wp-json\/wp\/v2\/categories?post=44449"},{"taxonomy":"post_tag","embeddable":true,"href":"https:\/\/www.obispado-mdp.org.ar\/a\/wp-json\/wp\/v2\/tags?post=44449"}],"curies":[{"name":"wp","href":"https:\/\/api.w.org\/{rel}","templated":true}]}}