{"id":44455,"date":"2024-08-27T22:29:39","date_gmt":"2024-08-28T01:29:39","guid":{"rendered":"https:\/\/www.obispado-mdp.org.ar\/a\/?p=44455"},"modified":"2024-08-27T22:29:41","modified_gmt":"2024-08-28T01:29:41","slug":"servicio-sacerdotal-de-urgencia-50-anos-al-servicio-de-los-enfermos","status":"publish","type":"post","link":"https:\/\/www.obispado-mdp.org.ar\/a\/servicio-sacerdotal-de-urgencia-50-anos-al-servicio-de-los-enfermos\/","title":{"rendered":"Servicio Sacerdotal de Urgencia: 50 a\u00f1os al servicio de los enfermos"},"content":{"rendered":"\n<p>La comunidad diocesana celebr\u00f3 el pasado domingo 25 de agosto los 50 a\u00f1os del Servicio Sacerdotal de Urgencia (SSU).<\/p>\n\n\n\n<p>La obra fue fundada el 15 de agosto de 1974 por el Beato Cardenal Eduardo Pironio, y lleva 50 a\u00f1os y 18.262 noches de guardia ininterrumpida.<\/p>\n\n\n\n<p>La Misa de acci\u00f3n de gracias tivo lugar en la Iglesia Catedral y fue presidida por el administrador apost\u00f3lico, monse\u00f1or Ernesto Giobando sj. Concelebr\u00f3 el asesor del Servicio, presb\u00edtero Maximiliano Fr\u00edas Narv\u00e1ez.<\/p>\n\n\n\n<p>En la ocasi\u00f3n, se di\u00f3 a conocer un documento que fue hallado por las monjas de clausura del Monasterio de Santa Escol\u00e1stica en Victoria (Buenos Aires). Se trata de un borrador manuscrito del hoy Beato Eduardo Pironio en el que se dirig\u00eda a los integrantes del SSU en su 20 aniversario.<\/p>\n\n\n\n<p>Monse\u00f1or Giobando agradeci\u00f3 la tarea de la Comisi\u00f3n y de todos los voluntarios que cubren las guardias telef\u00f3nicas cada noche, y destac\u00f3 la disponibilidad de los sacerdotes para hacer presente el consuelo del Se\u00f1or en esos momentos tan particulares de la vida.<\/p>\n\n\n\n<figure class=\"wp-block-image size-large\"><img loading=\"lazy\" width=\"1024\" height=\"576\" src=\"https:\/\/www.obispado-mdp.org.ar\/a\/wp-content\/uploads\/2024\/08\/mensaje-de-mons.giobando-6-1024x576.png\" alt=\"\" class=\"wp-image-44457\"\/><\/figure>\n\n\n\n<figure class=\"wp-block-image size-full\"><img loading=\"lazy\" width=\"1024\" height=\"683\" src=\"https:\/\/www.obispado-mdp.org.ar\/a\/wp-content\/uploads\/2024\/08\/Imagen-de-WhatsApp-2024-08-27-a-las-14.20.44_f0183d0c.jpg\" alt=\"\" class=\"wp-image-44456\"\/><\/figure>\n\n\n\n<figure class=\"wp-block-image size-full\"><img loading=\"lazy\" width=\"1024\" height=\"683\" src=\"https:\/\/www.obispado-mdp.org.ar\/a\/wp-content\/uploads\/2024\/08\/Imagen-de-WhatsApp-2024-08-27-a-las-14.20.34_a12e7c60.jpg\" alt=\"\" class=\"wp-image-44458\"\/><\/figure>\n","protected":false},"excerpt":{"rendered":"<p>La comunidad diocesana celebr\u00f3 el pasado domingo 25 de agosto los 50 a\u00f1os del Servicio Sacerdotal de Urgencia (SSU). La obra fue fundada el 15 de agosto de 1974 por el Beato Cardenal Eduardo Pironio, y lleva 50 a\u00f1os y 18.262 noches de guardia ininterrumpida. La Misa de acci\u00f3n de gracias tivo lugar en la [&hellip;]<\/p>\n","protected":false},"author":4,"featured_media":0,"comment_status":"open","ping_status":"open","sticky":false,"template":"","format":"standard","meta":{"_et_pb_use_builder":"","_et_pb_old_content":"","_et_gb_content_width":""},"categories":[4],"tags":[],"aioseo_notices":[],"_links":{"self":[{"href":"https:\/\/www.obispado-mdp.org.ar\/a\/wp-json\/wp\/v2\/posts\/44455"}],"collection":[{"href":"https:\/\/www.obispado-mdp.org.ar\/a\/wp-json\/wp\/v2\/posts"}],"about":[{"href":"https:\/\/www.obispado-mdp.org.ar\/a\/wp-json\/wp\/v2\/types\/post"}],"author":[{"embeddable":true,"href":"https:\/\/www.obispado-mdp.org.ar\/a\/wp-json\/wp\/v2\/users\/4"}],"replies":[{"embeddable":true,"href":"https:\/\/www.obispado-mdp.org.ar\/a\/wp-json\/wp\/v2\/comments?post=44455"}],"version-history":[{"count":2,"href":"https:\/\/www.obispado-mdp.org.ar\/a\/wp-json\/wp\/v2\/posts\/44455\/revisions"}],"predecessor-version":[{"id":44460,"href":"https:\/\/www.obispado-mdp.org.ar\/a\/wp-json\/wp\/v2\/posts\/44455\/revisions\/44460"}],"wp:attachment":[{"href":"https:\/\/www.obispado-mdp.org.ar\/a\/wp-json\/wp\/v2\/media?parent=44455"}],"wp:term":[{"taxonomy":"category","embeddable":true,"href":"https:\/\/www.obispado-mdp.org.ar\/a\/wp-json\/wp\/v2\/categories?post=44455"},{"taxonomy":"post_tag","embeddable":true,"href":"https:\/\/www.obispado-mdp.org.ar\/a\/wp-json\/wp\/v2\/tags?post=44455"}],"curies":[{"name":"wp","href":"https:\/\/api.w.org\/{rel}","templated":true}]}}