{"id":44461,"date":"2024-08-28T09:04:10","date_gmt":"2024-08-28T12:04:10","guid":{"rendered":"https:\/\/www.obispado-mdp.org.ar\/a\/?p=44461"},"modified":"2024-08-28T09:08:48","modified_gmt":"2024-08-28T12:08:48","slug":"la-parroquia-de-miramar-retomo-los-caminos-para-adolescentes","status":"publish","type":"post","link":"https:\/\/www.obispado-mdp.org.ar\/a\/la-parroquia-de-miramar-retomo-los-caminos-para-adolescentes\/","title":{"rendered":"La Parroquia de Miramar retom\u00f3 los \u201cCaminos\u201d para adolescentes"},"content":{"rendered":"\n<p>Decenas de adolescentes participaron el pasado fin de semana en Miramar del 2do. encuentro \u201cCamino\u201d, una valiosa herramienta de la pastoral juvenil que vuelve a encenderse en esa localidad, luego de la primera experiencia realizada poco antes del confinamiento por la pandemia. <\/p>\n\n\n\n<p>El administrador apost\u00f3lico, monse\u00f1or Ernesto Giobando sj. se hizo presente y comparti\u00f3 un momento con los j\u00f3venes.<\/p>\n\n\n\n<p>El p\u00e1rroco Pablo Boldrini expres\u00f3 su alegr\u00eda por la reciente edici\u00f3n de Camino para Adolescentes en el \u00e1mbito de la Parroquia San Andr\u00e9s (Miramar) y explic\u00f3 que \u201cfue posible gracias a la colaboraci\u00f3n de la comunidad de Balcarce, ya que varios j\u00f3venes del equipo vinieron desde esa ciudad para colaborar, con la intenci\u00f3n de pronto poder tener suficientes j\u00f3venes para formar un equipo propio de Miramar.\u201d<\/p>\n\n\n\n<p>A su vez record\u00f3 que \u201call\u00e1 por 1977 particip\u00e9 del primer Camino y pude ver en todos estos a\u00f1os ya como sacerdote en distintas parroquias, los frutos de este encuentro: muchos que no vemos pero otros que s\u00ed y son los matrimonios y las familias que hoy integran nuestras comunidades, como as\u00ed tambi\u00e9n varios sacerdotes diocesanos y religiosos.\u201d<\/p>\n\n\n\n<p>Sobre el contenido de la propuesta detall\u00f3 que \u201ces un encuentro con Dios, con uno mismo y con los dem\u00e1s, tomando la expresi\u00f3n de San Agust\u00edn que dice \u2018en la medida en que me conozca que pueda encontrarme con Dios\u2019, siendo fundamental no solo el mensaje cristiano sino tambi\u00e9n el testimonio en este caso del adolescente o el joven que lo brinda en su charla.\u201d \u201cLo que se busca es generar un impacto positivo en la vida del que lo realiza y despu\u00e9s brindar un acompa\u00f1amiento en el marco de una comunidad parroquial\u201d, finaliz\u00f3.<\/p>\n\n\n\n<p><\/p>\n\n\n\n<figure class=\"wp-block-image size-large\"><img loading=\"lazy\" width=\"1024\" height=\"687\" src=\"https:\/\/www.obispado-mdp.org.ar\/a\/wp-content\/uploads\/2024\/08\/Imagen-de-WhatsApp-2024-08-27-a-las-22.50.25_40d92b73-1024x687.jpg\" alt=\"\" class=\"wp-image-44462\"\/><\/figure>\n","protected":false},"excerpt":{"rendered":"<p>Decenas de adolescentes participaron el pasado fin de semana en Miramar del 2do. encuentro \u201cCamino\u201d, una valiosa herramienta de la pastoral juvenil que vuelve a encenderse en esa localidad, luego de la primera experiencia realizada poco antes del confinamiento por la pandemia. El administrador apost\u00f3lico, monse\u00f1or Ernesto Giobando sj. se hizo presente y comparti\u00f3 un [&hellip;]<\/p>\n","protected":false},"author":4,"featured_media":0,"comment_status":"open","ping_status":"open","sticky":false,"template":"","format":"standard","meta":{"_et_pb_use_builder":"","_et_pb_old_content":"","_et_gb_content_width":""},"categories":[4],"tags":[],"aioseo_notices":[],"_links":{"self":[{"href":"https:\/\/www.obispado-mdp.org.ar\/a\/wp-json\/wp\/v2\/posts\/44461"}],"collection":[{"href":"https:\/\/www.obispado-mdp.org.ar\/a\/wp-json\/wp\/v2\/posts"}],"about":[{"href":"https:\/\/www.obispado-mdp.org.ar\/a\/wp-json\/wp\/v2\/types\/post"}],"author":[{"embeddable":true,"href":"https:\/\/www.obispado-mdp.org.ar\/a\/wp-json\/wp\/v2\/users\/4"}],"replies":[{"embeddable":true,"href":"https:\/\/www.obispado-mdp.org.ar\/a\/wp-json\/wp\/v2\/comments?post=44461"}],"version-history":[{"count":4,"href":"https:\/\/www.obispado-mdp.org.ar\/a\/wp-json\/wp\/v2\/posts\/44461\/revisions"}],"predecessor-version":[{"id":44468,"href":"https:\/\/www.obispado-mdp.org.ar\/a\/wp-json\/wp\/v2\/posts\/44461\/revisions\/44468"}],"wp:attachment":[{"href":"https:\/\/www.obispado-mdp.org.ar\/a\/wp-json\/wp\/v2\/media?parent=44461"}],"wp:term":[{"taxonomy":"category","embeddable":true,"href":"https:\/\/www.obispado-mdp.org.ar\/a\/wp-json\/wp\/v2\/categories?post=44461"},{"taxonomy":"post_tag","embeddable":true,"href":"https:\/\/www.obispado-mdp.org.ar\/a\/wp-json\/wp\/v2\/tags?post=44461"}],"curies":[{"name":"wp","href":"https:\/\/api.w.org\/{rel}","templated":true}]}}