{"id":44486,"date":"2024-08-31T09:57:39","date_gmt":"2024-08-31T12:57:39","guid":{"rendered":"https:\/\/www.obispado-mdp.org.ar\/a\/?p=44486"},"modified":"2024-08-31T09:57:48","modified_gmt":"2024-08-31T12:57:48","slug":"fiesta-del-martirio-de-san-juan-bautista-en-mar-del-plata","status":"publish","type":"post","link":"https:\/\/www.obispado-mdp.org.ar\/a\/fiesta-del-martirio-de-san-juan-bautista-en-mar-del-plata\/","title":{"rendered":"Fiesta del Martirio de San Juan Bautista en Mar del Plata"},"content":{"rendered":"\n<p>El jueves 29 de agosto, en la Parroquia San Juan Bautista y Nuestra Se\u00f1ora del Rosario, nuestro administrador apost\u00f3lico, monse\u00f1or Ernesto Giobando sj., presidi\u00f3 la Santa Misa con ocasi\u00f3n de celebrarse la memoria lit\u00fargica del martirio del precursor de Cristo. Concelebr\u00f3 el cura p\u00e1rroco, presb\u00edtero Luciano Alzueta.<\/p>\n\n\n\n<p>En su homil\u00eda, el obispo present\u00f3 a San Juan Bautista como un ejemplo de humildad y de fidelidad a la verdad, y pidi\u00f3 su intercesi\u00f3n para estos tiempos de valores y convicciones tan maleables<\/p>\n\n\n\n<p>Luego de la celebraci\u00f3n Eucar\u00edstica, la comunidad comparti\u00f3 junto a monse\u00f1or Ernesto un \u00e1gape fraterno.<\/p>\n\n\n\n<p><\/p>\n\n\n\n<figure class=\"wp-block-image size-full is-resized\"><img loading=\"lazy\" src=\"https:\/\/www.obispado-mdp.org.ar\/a\/wp-content\/uploads\/2024\/08\/Imagen-de-WhatsApp-2024-08-30-a-las-18.55.04_8ce7ae41.jpg\" alt=\"\" class=\"wp-image-44487\" width=\"789\" height=\"922\"\/><\/figure>\n","protected":false},"excerpt":{"rendered":"<p>El jueves 29 de agosto, en la Parroquia San Juan Bautista y Nuestra Se\u00f1ora del Rosario, nuestro administrador apost\u00f3lico, monse\u00f1or Ernesto Giobando sj., presidi\u00f3 la Santa Misa con ocasi\u00f3n de celebrarse la memoria lit\u00fargica del martirio del precursor de Cristo. Concelebr\u00f3 el cura p\u00e1rroco, presb\u00edtero Luciano Alzueta. En su homil\u00eda, el obispo present\u00f3 a San [&hellip;]<\/p>\n","protected":false},"author":4,"featured_media":0,"comment_status":"open","ping_status":"open","sticky":false,"template":"","format":"standard","meta":{"_et_pb_use_builder":"","_et_pb_old_content":"","_et_gb_content_width":""},"categories":[4],"tags":[],"aioseo_notices":[],"_links":{"self":[{"href":"https:\/\/www.obispado-mdp.org.ar\/a\/wp-json\/wp\/v2\/posts\/44486"}],"collection":[{"href":"https:\/\/www.obispado-mdp.org.ar\/a\/wp-json\/wp\/v2\/posts"}],"about":[{"href":"https:\/\/www.obispado-mdp.org.ar\/a\/wp-json\/wp\/v2\/types\/post"}],"author":[{"embeddable":true,"href":"https:\/\/www.obispado-mdp.org.ar\/a\/wp-json\/wp\/v2\/users\/4"}],"replies":[{"embeddable":true,"href":"https:\/\/www.obispado-mdp.org.ar\/a\/wp-json\/wp\/v2\/comments?post=44486"}],"version-history":[{"count":1,"href":"https:\/\/www.obispado-mdp.org.ar\/a\/wp-json\/wp\/v2\/posts\/44486\/revisions"}],"predecessor-version":[{"id":44488,"href":"https:\/\/www.obispado-mdp.org.ar\/a\/wp-json\/wp\/v2\/posts\/44486\/revisions\/44488"}],"wp:attachment":[{"href":"https:\/\/www.obispado-mdp.org.ar\/a\/wp-json\/wp\/v2\/media?parent=44486"}],"wp:term":[{"taxonomy":"category","embeddable":true,"href":"https:\/\/www.obispado-mdp.org.ar\/a\/wp-json\/wp\/v2\/categories?post=44486"},{"taxonomy":"post_tag","embeddable":true,"href":"https:\/\/www.obispado-mdp.org.ar\/a\/wp-json\/wp\/v2\/tags?post=44486"}],"curies":[{"name":"wp","href":"https:\/\/api.w.org\/{rel}","templated":true}]}}