{"id":44552,"date":"2024-09-02T14:35:55","date_gmt":"2024-09-02T17:35:55","guid":{"rendered":"https:\/\/www.obispado-mdp.org.ar\/a\/?p=44552"},"modified":"2024-09-02T14:35:57","modified_gmt":"2024-09-02T17:35:57","slug":"la-parroquia-santa-rosa-de-lima-celebro-sus-patronales","status":"publish","type":"post","link":"https:\/\/www.obispado-mdp.org.ar\/a\/la-parroquia-santa-rosa-de-lima-celebro-sus-patronales\/","title":{"rendered":"<strong>La Parroquia Santa Rosa de Lima celebr\u00f3 sus Patronales<\/strong>"},"content":{"rendered":"\n<p>La fiesta lit\u00fargica de Santa Rosa se vivi\u00f3 de manera particular en la Parroquia que la tiene por patrona, ubicada en la calle Nasser y 11 de septiembre.&nbsp;<\/p>\n\n\n\n<p>El mismo viernes 30, la comunidad particip\u00f3 de un momento de adoraci\u00f3n Eucar\u00edstica, y a las 18 horas recibi\u00f3 al administrador apost\u00f3lico, monse\u00f1or Ernesto Giobando sj., quien presidi\u00f3 la Santa Misa. La misma fue concelebrada por el p\u00e1rroco, presb\u00edtero Oscar Maipah, y por el p\u00e1rroco de San Cayetano, presb\u00edtero Juan Pablo Cayrol. Luego de la misma compartieron todos un momento fraterno en el que se ofrec\u00eda chocolate con churros.<\/p>\n\n\n\n<p>Asimismo, la comunidad particip\u00f3 el domingo 1\u00b0 de una procesi\u00f3n por las calles del barrio y de una Misa que presidi\u00f3 el padre Oscar.<\/p>\n\n\n\n<p>Primera santa nacida en Am\u00e9rica, Isabel Flores nace en la Lima colonial en 1586, y era tan hermosa que le ponen el sobrenombre de \u00abRosa\u00bb. Sus padres se esfuerzan por educarla en la fe, inclinada a la contemplaci\u00f3n, pero testigo de las necesidades de los que le rodean, entra como terciaria en la Orden de Predicadores. Vive la compasi\u00f3n con aquellos que le rodean, en un servicio alegre y generoso. Muere con treinta y un a\u00f1os en 1617.<\/p>\n\n\n\n<p><\/p>\n\n\n\n<figure class=\"wp-block-image size-large\"><img loading=\"lazy\" width=\"1024\" height=\"576\" src=\"https:\/\/www.obispado-mdp.org.ar\/a\/wp-content\/uploads\/2024\/09\/mensaje-de-mons.giobando-6-1024x576.png\" alt=\"\" class=\"wp-image-44553\"\/><\/figure>\n\n\n\n<figure class=\"wp-block-image size-large is-resized\"><img loading=\"lazy\" src=\"https:\/\/www.obispado-mdp.org.ar\/a\/wp-content\/uploads\/2024\/09\/Imagen-de-WhatsApp-2024-09-02-a-las-11.53.01_c38079be-771x1024.jpg\" alt=\"\" class=\"wp-image-44554\" width=\"822\" height=\"1092\"\/><\/figure>\n","protected":false},"excerpt":{"rendered":"<p>La fiesta lit\u00fargica de Santa Rosa se vivi\u00f3 de manera particular en la Parroquia que la tiene por patrona, ubicada en la calle Nasser y 11 de septiembre.&nbsp; El mismo viernes 30, la comunidad particip\u00f3 de un momento de adoraci\u00f3n Eucar\u00edstica, y a las 18 horas recibi\u00f3 al administrador apost\u00f3lico, monse\u00f1or Ernesto Giobando sj., quien [&hellip;]<\/p>\n","protected":false},"author":4,"featured_media":0,"comment_status":"open","ping_status":"open","sticky":false,"template":"","format":"standard","meta":{"_et_pb_use_builder":"","_et_pb_old_content":"","_et_gb_content_width":""},"categories":[4],"tags":[],"aioseo_notices":[],"_links":{"self":[{"href":"https:\/\/www.obispado-mdp.org.ar\/a\/wp-json\/wp\/v2\/posts\/44552"}],"collection":[{"href":"https:\/\/www.obispado-mdp.org.ar\/a\/wp-json\/wp\/v2\/posts"}],"about":[{"href":"https:\/\/www.obispado-mdp.org.ar\/a\/wp-json\/wp\/v2\/types\/post"}],"author":[{"embeddable":true,"href":"https:\/\/www.obispado-mdp.org.ar\/a\/wp-json\/wp\/v2\/users\/4"}],"replies":[{"embeddable":true,"href":"https:\/\/www.obispado-mdp.org.ar\/a\/wp-json\/wp\/v2\/comments?post=44552"}],"version-history":[{"count":2,"href":"https:\/\/www.obispado-mdp.org.ar\/a\/wp-json\/wp\/v2\/posts\/44552\/revisions"}],"predecessor-version":[{"id":44556,"href":"https:\/\/www.obispado-mdp.org.ar\/a\/wp-json\/wp\/v2\/posts\/44552\/revisions\/44556"}],"wp:attachment":[{"href":"https:\/\/www.obispado-mdp.org.ar\/a\/wp-json\/wp\/v2\/media?parent=44552"}],"wp:term":[{"taxonomy":"category","embeddable":true,"href":"https:\/\/www.obispado-mdp.org.ar\/a\/wp-json\/wp\/v2\/categories?post=44552"},{"taxonomy":"post_tag","embeddable":true,"href":"https:\/\/www.obispado-mdp.org.ar\/a\/wp-json\/wp\/v2\/tags?post=44552"}],"curies":[{"name":"wp","href":"https:\/\/api.w.org\/{rel}","templated":true}]}}