{"id":44557,"date":"2024-09-02T14:39:17","date_gmt":"2024-09-02T17:39:17","guid":{"rendered":"https:\/\/www.obispado-mdp.org.ar\/a\/?p=44557"},"modified":"2024-09-02T14:39:19","modified_gmt":"2024-09-02T17:39:19","slug":"el-padre-sueiro-represento-en-cordoba-a-la-diocesis-en-el-encuentro-anual-de-directores-diocesanos-de-liturgia","status":"publish","type":"post","link":"https:\/\/www.obispado-mdp.org.ar\/a\/el-padre-sueiro-represento-en-cordoba-a-la-diocesis-en-el-encuentro-anual-de-directores-diocesanos-de-liturgia\/","title":{"rendered":"El padre Sueiro represent\u00f3 en C\u00f3rdoba a la di\u00f3cesis en el Encuentro Anual de Directores Diocesanos de Liturgia"},"content":{"rendered":"\n<p>Con el lema \u201cLa Iglesia, maestra de oraci\u00f3n en la liturgia\u201d, se desarroll\u00f3 en Cabana, C\u00f3rdoba, el encuentro que re\u00fane a los directores diocesanos de las distintas di\u00f3cesis del pa\u00eds. El mismo se desarroll\u00f3 entre el 26 y el 29 de agosto y reuni\u00f3 a 48 referentes de esa pastoral, provenientes de 28 di\u00f3cesis. All\u00ed se hizo presente el padre Ariel Sueiro, delegado episcopal de Liturgia y p\u00e1rroco de la Iglesia Catedral.<\/p>\n\n\n\n<p>Seg\u00fan se explic\u00f3 desde la organizaci\u00f3n \u201cel eje de la reflexi\u00f3n fue la liturgia, fuente y culmen de la vida espiritual cristiana, a la vez que \u201cse delinearon los trazos fundamentales de la espiritualidad lit\u00fargica, algunas l\u00edneas pastorales para el presente y el futuro, y el valor del libro lit\u00fargico como fuente de espiritualidad.\u201d<\/p>\n\n\n\n<p>El padre Sueiro expres\u00f3 su benepl\u00e1cito por la valoraci\u00f3n positiva ante todos los presentes por parte de la Comisi\u00f3n Episcopal de Liturgia respecto del Instituto de Liturgia \u201cMonse\u00f1or Enrique Rau\u201d de la Escuela Universitaria de Teolog\u00eda de nuestra di\u00f3cesis, donde se lleva adelante un curso de teolog\u00eda lit\u00fargica, entre otros programas en convenio con la mencionada comisi\u00f3n episcopal.<\/p>\n\n\n\n<figure class=\"wp-block-image size-large\"><img loading=\"lazy\" width=\"1024\" height=\"769\" src=\"https:\/\/www.obispado-mdp.org.ar\/a\/wp-content\/uploads\/2024\/09\/Imagen-de-WhatsApp-2024-09-02-a-las-14.17.33_9a5ae274-1024x769.jpg\" alt=\"\" class=\"wp-image-44558\"\/><figcaption><strong>Gentileza de la foto: Conferencia Episcopal Argentina<\/strong><\/figcaption><\/figure>\n\n\n\n<figure class=\"wp-block-image size-large\"><img loading=\"lazy\" width=\"1024\" height=\"848\" src=\"https:\/\/www.obispado-mdp.org.ar\/a\/wp-content\/uploads\/2024\/09\/Imagen-de-WhatsApp-2024-09-02-a-las-14.17.31_18267a95-1024x848.jpg\" alt=\"\" class=\"wp-image-44559\"\/><\/figure>\n\n\n\n<p><strong>Gentileza de la foto: Conferencia Episcopal Argentina<\/strong><\/p>\n","protected":false},"excerpt":{"rendered":"<p>Con el lema \u201cLa Iglesia, maestra de oraci\u00f3n en la liturgia\u201d, se desarroll\u00f3 en Cabana, C\u00f3rdoba, el encuentro que re\u00fane a los directores diocesanos de las distintas di\u00f3cesis del pa\u00eds. El mismo se desarroll\u00f3 entre el 26 y el 29 de agosto y reuni\u00f3 a 48 referentes de esa pastoral, provenientes de 28 di\u00f3cesis. All\u00ed [&hellip;]<\/p>\n","protected":false},"author":4,"featured_media":0,"comment_status":"open","ping_status":"open","sticky":false,"template":"","format":"standard","meta":{"_et_pb_use_builder":"","_et_pb_old_content":"","_et_gb_content_width":""},"categories":[4],"tags":[],"aioseo_notices":[],"_links":{"self":[{"href":"https:\/\/www.obispado-mdp.org.ar\/a\/wp-json\/wp\/v2\/posts\/44557"}],"collection":[{"href":"https:\/\/www.obispado-mdp.org.ar\/a\/wp-json\/wp\/v2\/posts"}],"about":[{"href":"https:\/\/www.obispado-mdp.org.ar\/a\/wp-json\/wp\/v2\/types\/post"}],"author":[{"embeddable":true,"href":"https:\/\/www.obispado-mdp.org.ar\/a\/wp-json\/wp\/v2\/users\/4"}],"replies":[{"embeddable":true,"href":"https:\/\/www.obispado-mdp.org.ar\/a\/wp-json\/wp\/v2\/comments?post=44557"}],"version-history":[{"count":1,"href":"https:\/\/www.obispado-mdp.org.ar\/a\/wp-json\/wp\/v2\/posts\/44557\/revisions"}],"predecessor-version":[{"id":44560,"href":"https:\/\/www.obispado-mdp.org.ar\/a\/wp-json\/wp\/v2\/posts\/44557\/revisions\/44560"}],"wp:attachment":[{"href":"https:\/\/www.obispado-mdp.org.ar\/a\/wp-json\/wp\/v2\/media?parent=44557"}],"wp:term":[{"taxonomy":"category","embeddable":true,"href":"https:\/\/www.obispado-mdp.org.ar\/a\/wp-json\/wp\/v2\/categories?post=44557"},{"taxonomy":"post_tag","embeddable":true,"href":"https:\/\/www.obispado-mdp.org.ar\/a\/wp-json\/wp\/v2\/tags?post=44557"}],"curies":[{"name":"wp","href":"https:\/\/api.w.org\/{rel}","templated":true}]}}