{"id":44562,"date":"2024-09-09T21:40:28","date_gmt":"2024-09-10T00:40:28","guid":{"rendered":"https:\/\/www.obispado-mdp.org.ar\/a\/?p=44562"},"modified":"2024-09-09T21:40:38","modified_gmt":"2024-09-10T00:40:38","slug":"ix-encuentro-nacional-de-agentes-de-pastoral-en-clave-vocacional-enap","status":"publish","type":"post","link":"https:\/\/www.obispado-mdp.org.ar\/a\/ix-encuentro-nacional-de-agentes-de-pastoral-en-clave-vocacional-enap\/","title":{"rendered":"IX ENCUENTRO NACIONAL DE AGENTES DE PASTORAL EN CLAVE VOCACIONAL (ENAP)"},"content":{"rendered":"\n<p>Del 7 al 8 de septiembre se llev\u00f3 a cabo el IX ENAP, organizado por la Delegaci\u00f3n Episcopal para la Pastoral de las Vocaciones (DEVOC), bajo el lema: \u00abLos J\u00f3venes en una Iglesia toda ella carism\u00e1tica, ministerial y misionera. \u201cJes\u00fas lo mir\u00f3 con amor\u201d (Mc 10, 21)\u00bb.<\/p>\n\n\n\n<p>El encuentro se desarroll\u00f3 en el Convento San Alfonso de Villa Allende, C\u00f3rdoba, con la participaci\u00f3n de 150 personas de todo el pa\u00eds, muchas de ellas vinculadas a la Pastoral Vocacional de diferentes di\u00f3cesis. Entre los presentes, estuvieron el Pbro. Juan Pablo Arrachea, Gast\u00f3n Aguirrezabala (Delegado Episcopal para la Pastoral Vocacional), Franco Forestani y Pablo Garc\u00eda, miembros de la Pastoral Vocacional de nuestra di\u00f3cesis.<\/p>\n\n\n\n<p>La animaci\u00f3n del encuentro estuvo a cargo del \u00c1rea Joven de DeNAPBi y la Fundaci\u00f3n Ap\u00f3stoles de Lourdes, junto a la Dra. Mar\u00eda Ver\u00f3nica Talam\u00e9 y el Pbro. Jos\u00e9 Mar\u00eda Molina, directora y asesor del \u00e1rea en el Departamento Nacional de Animaci\u00f3n y Pastoral B\u00edblica (DeNAPBi) de la Conferencia Episcopal Argentina (CEA), respectivamente; as\u00ed como algunos miembros de la Pastoral Nacional de Juventudes.<\/p>\n\n\n\n<p>Durante las jornadas, se realiz\u00f3 un diagn\u00f3stico de la situaci\u00f3n vocacional en las di\u00f3cesis y regiones participantes. Se ofrecieron talleres sobre la vocaci\u00f3n como encuentro, trabajando la ministerialidad, el carisma y la misi\u00f3n de los j\u00f3venes desde una perspectiva b\u00edblica. Todo esto se vivi\u00f3 en un profundo clima de oraci\u00f3n y fraternidad.<\/p>\n\n\n\n<p>Desde la Pastoral Vocacional de la Di\u00f3cesis de Mar del Plata, agradecen \u201ca todos los participantes que compartieron su experiencia, ilumin\u00e1ndonos en nuestro caminar como pastoral, animando a otros a \u201cdejarse mirar por el Se\u00f1or\u201d y, ante esa mirada, descubrir el sue\u00f1o que Dios tiene para cada uno.\u201d<\/p>\n\n\n\n<p><\/p>\n\n\n\n<figure class=\"wp-block-image size-large\"><img loading=\"lazy\" width=\"1024\" height=\"768\" src=\"https:\/\/www.obispado-mdp.org.ar\/a\/wp-content\/uploads\/2024\/09\/Imagen-de-WhatsApp-2024-09-09-a-las-20.02.12_4653a717-1024x768.jpg\" alt=\"\" class=\"wp-image-44563\"\/><\/figure>\n\n\n\n<figure class=\"wp-block-image size-large\"><img loading=\"lazy\" width=\"1024\" height=\"478\" src=\"https:\/\/www.obispado-mdp.org.ar\/a\/wp-content\/uploads\/2024\/09\/Imagen-de-WhatsApp-2024-09-09-a-las-19.16.59_6fea2e8c-1024x478.jpg\" alt=\"\" class=\"wp-image-44564\"\/><\/figure>\n\n\n\n<figure class=\"wp-block-image size-large\"><img loading=\"lazy\" width=\"1024\" height=\"461\" src=\"https:\/\/www.obispado-mdp.org.ar\/a\/wp-content\/uploads\/2024\/09\/Imagen-de-WhatsApp-2024-09-09-a-las-19.17.00_a23a503b-1024x461.jpg\" alt=\"\" class=\"wp-image-44565\"\/><\/figure>\n","protected":false},"excerpt":{"rendered":"<p>Del 7 al 8 de septiembre se llev\u00f3 a cabo el IX ENAP, organizado por la Delegaci\u00f3n Episcopal para la Pastoral de las Vocaciones (DEVOC), bajo el lema: \u00abLos J\u00f3venes en una Iglesia toda ella carism\u00e1tica, ministerial y misionera. \u201cJes\u00fas lo mir\u00f3 con amor\u201d (Mc 10, 21)\u00bb. El encuentro se desarroll\u00f3 en el Convento San [&hellip;]<\/p>\n","protected":false},"author":4,"featured_media":0,"comment_status":"open","ping_status":"open","sticky":false,"template":"","format":"standard","meta":{"_et_pb_use_builder":"","_et_pb_old_content":"","_et_gb_content_width":""},"categories":[4],"tags":[],"aioseo_notices":[],"_links":{"self":[{"href":"https:\/\/www.obispado-mdp.org.ar\/a\/wp-json\/wp\/v2\/posts\/44562"}],"collection":[{"href":"https:\/\/www.obispado-mdp.org.ar\/a\/wp-json\/wp\/v2\/posts"}],"about":[{"href":"https:\/\/www.obispado-mdp.org.ar\/a\/wp-json\/wp\/v2\/types\/post"}],"author":[{"embeddable":true,"href":"https:\/\/www.obispado-mdp.org.ar\/a\/wp-json\/wp\/v2\/users\/4"}],"replies":[{"embeddable":true,"href":"https:\/\/www.obispado-mdp.org.ar\/a\/wp-json\/wp\/v2\/comments?post=44562"}],"version-history":[{"count":2,"href":"https:\/\/www.obispado-mdp.org.ar\/a\/wp-json\/wp\/v2\/posts\/44562\/revisions"}],"predecessor-version":[{"id":44567,"href":"https:\/\/www.obispado-mdp.org.ar\/a\/wp-json\/wp\/v2\/posts\/44562\/revisions\/44567"}],"wp:attachment":[{"href":"https:\/\/www.obispado-mdp.org.ar\/a\/wp-json\/wp\/v2\/media?parent=44562"}],"wp:term":[{"taxonomy":"category","embeddable":true,"href":"https:\/\/www.obispado-mdp.org.ar\/a\/wp-json\/wp\/v2\/categories?post=44562"},{"taxonomy":"post_tag","embeddable":true,"href":"https:\/\/www.obispado-mdp.org.ar\/a\/wp-json\/wp\/v2\/tags?post=44562"}],"curies":[{"name":"wp","href":"https:\/\/api.w.org\/{rel}","templated":true}]}}