{"id":44568,"date":"2024-09-11T15:05:11","date_gmt":"2024-09-11T18:05:11","guid":{"rendered":"https:\/\/www.obispado-mdp.org.ar\/a\/?p=44568"},"modified":"2024-09-11T15:05:29","modified_gmt":"2024-09-11T18:05:29","slug":"fiesta-de-ntra-sra-de-la-paz-en-pinamar","status":"publish","type":"post","link":"https:\/\/www.obispado-mdp.org.ar\/a\/fiesta-de-ntra-sra-de-la-paz-en-pinamar\/","title":{"rendered":"Fiesta de Ntra. Sra. de la Paz en Pinamar"},"content":{"rendered":"\n<p>Gran n\u00famero de fieles particip\u00f3 el pasado domingo 8 de la Fiesta Patronal de la Parroquia Nuestra Se\u00f1ora de la Paz, de la ciudad de Pinamar. Bajo un apacible sol, los fieles recorrieron las calles de la localidad llevando en andas la imagen de su Patrona. Monse\u00f1or Ernesto Giobando fue quien presidi\u00f3 la celebraci\u00f3n, acompa\u00f1ado por el cura p\u00e1rroco, presb\u00edtero Marcelo Panebianco.<\/p>\n\n\n\n<p>La Santa Misa tuvo lugar en el templo parroquial, y fue el momento central de la festividad, en la que la comunidad dio gracias a Dios por los bienes recibidos, y encomend\u00f3 la comunidad y la localidad a la intercesi\u00f3n de la bienaventurada Virgen Mar\u00eda, bajo esta advocaci\u00f3n de Nuestra Se\u00f1ora de la Paz. La celebraci\u00f3n continu\u00f3 con un festival popular, con n\u00fameros musicales y variedad de propuestas culturales y gastron\u00f3micas.<\/p>\n\n\n\n<p>El principal templo de Pinamar se ubica sobre un amplio cruce de calles que realza las l\u00edneas de su simple arquitectura. Es una cuidadosa construcci\u00f3n de ladrillos con estructuras de maderas a la vista y reminiscencias toscanas. Posee una nave central y una torre lateral de campanario. La obra inicial data de 1951, cuando se complet\u00f3 la construcci\u00f3n de la nave principal. En su interior, detr\u00e1s del altar, se lucen las siete pinturas morales del artista Juan Ballester Pe\u00f1a.<\/p>\n\n\n\n<p><\/p>\n\n\n\n<figure class=\"wp-block-image size-large\"><img loading=\"lazy\" width=\"1024\" height=\"768\" src=\"https:\/\/www.obispado-mdp.org.ar\/a\/wp-content\/uploads\/2024\/09\/Para-nombramientos-WEB-1-1-1024x768.png\" alt=\"\" class=\"wp-image-44575\"\/><\/figure>\n\n\n\n<figure class=\"wp-block-image size-large\"><img loading=\"lazy\" width=\"1024\" height=\"768\" src=\"https:\/\/www.obispado-mdp.org.ar\/a\/wp-content\/uploads\/2024\/09\/Imagen-de-WhatsApp-2024-09-11-a-las-12.16.46_3bb0ab60-1024x768.jpg\" alt=\"\" class=\"wp-image-44570\"\/><\/figure>\n\n\n\n<figure class=\"wp-block-image size-large\"><img loading=\"lazy\" width=\"1024\" height=\"768\" src=\"https:\/\/www.obispado-mdp.org.ar\/a\/wp-content\/uploads\/2024\/09\/Imagen-de-WhatsApp-2024-09-11-a-las-12.16.45_2881c2af-1024x768.jpg\" alt=\"\" class=\"wp-image-44571\"\/><\/figure>\n\n\n\n<figure class=\"wp-block-image size-large\"><img loading=\"lazy\" width=\"1024\" height=\"768\" src=\"https:\/\/www.obispado-mdp.org.ar\/a\/wp-content\/uploads\/2024\/09\/Imagen-de-WhatsApp-2024-09-11-a-las-12.16.46_496a3e00-1024x768.jpg\" alt=\"\" class=\"wp-image-44572\"\/><\/figure>\n\n\n\n<figure class=\"wp-block-image size-large\"><img loading=\"lazy\" width=\"1024\" height=\"768\" src=\"https:\/\/www.obispado-mdp.org.ar\/a\/wp-content\/uploads\/2024\/09\/Imagen-de-WhatsApp-2024-09-11-a-las-12.16.48_14d866db-1024x768.jpg\" alt=\"\" class=\"wp-image-44573\"\/><\/figure>\n","protected":false},"excerpt":{"rendered":"<p>Gran n\u00famero de fieles particip\u00f3 el pasado domingo 8 de la Fiesta Patronal de la Parroquia Nuestra Se\u00f1ora de la Paz, de la ciudad de Pinamar. Bajo un apacible sol, los fieles recorrieron las calles de la localidad llevando en andas la imagen de su Patrona. Monse\u00f1or Ernesto Giobando fue quien presidi\u00f3 la celebraci\u00f3n, acompa\u00f1ado [&hellip;]<\/p>\n","protected":false},"author":4,"featured_media":0,"comment_status":"open","ping_status":"open","sticky":false,"template":"","format":"standard","meta":{"_et_pb_use_builder":"","_et_pb_old_content":"","_et_gb_content_width":""},"categories":[4],"tags":[],"aioseo_notices":[],"_links":{"self":[{"href":"https:\/\/www.obispado-mdp.org.ar\/a\/wp-json\/wp\/v2\/posts\/44568"}],"collection":[{"href":"https:\/\/www.obispado-mdp.org.ar\/a\/wp-json\/wp\/v2\/posts"}],"about":[{"href":"https:\/\/www.obispado-mdp.org.ar\/a\/wp-json\/wp\/v2\/types\/post"}],"author":[{"embeddable":true,"href":"https:\/\/www.obispado-mdp.org.ar\/a\/wp-json\/wp\/v2\/users\/4"}],"replies":[{"embeddable":true,"href":"https:\/\/www.obispado-mdp.org.ar\/a\/wp-json\/wp\/v2\/comments?post=44568"}],"version-history":[{"count":2,"href":"https:\/\/www.obispado-mdp.org.ar\/a\/wp-json\/wp\/v2\/posts\/44568\/revisions"}],"predecessor-version":[{"id":44576,"href":"https:\/\/www.obispado-mdp.org.ar\/a\/wp-json\/wp\/v2\/posts\/44568\/revisions\/44576"}],"wp:attachment":[{"href":"https:\/\/www.obispado-mdp.org.ar\/a\/wp-json\/wp\/v2\/media?parent=44568"}],"wp:term":[{"taxonomy":"category","embeddable":true,"href":"https:\/\/www.obispado-mdp.org.ar\/a\/wp-json\/wp\/v2\/categories?post=44568"},{"taxonomy":"post_tag","embeddable":true,"href":"https:\/\/www.obispado-mdp.org.ar\/a\/wp-json\/wp\/v2\/tags?post=44568"}],"curies":[{"name":"wp","href":"https:\/\/api.w.org\/{rel}","templated":true}]}}