{"id":44577,"date":"2024-09-11T15:09:35","date_gmt":"2024-09-11T18:09:35","guid":{"rendered":"https:\/\/www.obispado-mdp.org.ar\/a\/?p=44577"},"modified":"2024-09-11T15:09:36","modified_gmt":"2024-09-11T18:09:36","slug":"encuentro-de-la-vida-consagrada-presente-en-la-diocesis","status":"publish","type":"post","link":"https:\/\/www.obispado-mdp.org.ar\/a\/encuentro-de-la-vida-consagrada-presente-en-la-diocesis\/","title":{"rendered":"Encuentro de la Vida Consagrada presente en la Di\u00f3cesis"},"content":{"rendered":"\n<p><\/p>\n\n\n\n<p>En el marco de la Jornada Nacional de la Vida Consagrada, que se celebra en Argentina el 8 de septiembre \u2013festividad de la Natividad de la Virgen Mar\u00eda-, los religiosos de la di\u00f3cesis mantuvieron un encuentro fraterno, en el que tambi\u00e9n particip\u00f3 el administrador apost\u00f3lico, monse\u00f1or Ernesto Giobando sj. <\/p>\n\n\n\n<p>El encuentro tuvo lugar el s\u00e1bado 7 y se desarroll\u00f3 en instalaciones del Colegio Santa Cecilia, donde tienen su comunidad las Hermanas del Huerto, que oficiaron de anfitrionas.<\/p>\n\n\n\n<p>La jornada comenz\u00f3 con la Santa Misa y sigui\u00f3 con un desayuno en el que los consagrados adem\u00e1s de celebrar su d\u00eda y su vocaci\u00f3n compartieron sus experiencias de vida en la di\u00f3cesis, y continu\u00f3 con distendidos momentos de recreaci\u00f3n.<\/p>\n\n\n\n<p>Finalmente compartieron el almuerzo, donde se dialog\u00f3 sobre los futuros encuentros y sobre la preparaci\u00f3n hacia el pr\u00f3ximo Jubileo 2025.<\/p>\n\n\n\n<p><\/p>\n\n\n\n<figure class=\"wp-block-image size-large\"><img loading=\"lazy\" width=\"1024\" height=\"768\" src=\"https:\/\/www.obispado-mdp.org.ar\/a\/wp-content\/uploads\/2024\/09\/Imagen-de-WhatsApp-2024-09-11-a-las-15.07.30_43cdc728-1024x768.jpg\" alt=\"\" class=\"wp-image-44578\"\/><\/figure>\n\n\n\n<figure class=\"wp-block-image size-large\"><img loading=\"lazy\" width=\"1024\" height=\"576\" src=\"https:\/\/www.obispado-mdp.org.ar\/a\/wp-content\/uploads\/2024\/09\/Imagen-de-WhatsApp-2024-09-11-a-las-13.41.35_8a7f6849-1024x576.jpg\" alt=\"\" class=\"wp-image-44579\"\/><\/figure>\n","protected":false},"excerpt":{"rendered":"<p>En el marco de la Jornada Nacional de la Vida Consagrada, que se celebra en Argentina el 8 de septiembre \u2013festividad de la Natividad de la Virgen Mar\u00eda-, los religiosos de la di\u00f3cesis mantuvieron un encuentro fraterno, en el que tambi\u00e9n particip\u00f3 el administrador apost\u00f3lico, monse\u00f1or Ernesto Giobando sj. El encuentro tuvo lugar el s\u00e1bado [&hellip;]<\/p>\n","protected":false},"author":4,"featured_media":0,"comment_status":"open","ping_status":"open","sticky":false,"template":"","format":"standard","meta":{"_et_pb_use_builder":"","_et_pb_old_content":"","_et_gb_content_width":""},"categories":[4],"tags":[],"aioseo_notices":[],"_links":{"self":[{"href":"https:\/\/www.obispado-mdp.org.ar\/a\/wp-json\/wp\/v2\/posts\/44577"}],"collection":[{"href":"https:\/\/www.obispado-mdp.org.ar\/a\/wp-json\/wp\/v2\/posts"}],"about":[{"href":"https:\/\/www.obispado-mdp.org.ar\/a\/wp-json\/wp\/v2\/types\/post"}],"author":[{"embeddable":true,"href":"https:\/\/www.obispado-mdp.org.ar\/a\/wp-json\/wp\/v2\/users\/4"}],"replies":[{"embeddable":true,"href":"https:\/\/www.obispado-mdp.org.ar\/a\/wp-json\/wp\/v2\/comments?post=44577"}],"version-history":[{"count":1,"href":"https:\/\/www.obispado-mdp.org.ar\/a\/wp-json\/wp\/v2\/posts\/44577\/revisions"}],"predecessor-version":[{"id":44580,"href":"https:\/\/www.obispado-mdp.org.ar\/a\/wp-json\/wp\/v2\/posts\/44577\/revisions\/44580"}],"wp:attachment":[{"href":"https:\/\/www.obispado-mdp.org.ar\/a\/wp-json\/wp\/v2\/media?parent=44577"}],"wp:term":[{"taxonomy":"category","embeddable":true,"href":"https:\/\/www.obispado-mdp.org.ar\/a\/wp-json\/wp\/v2\/categories?post=44577"},{"taxonomy":"post_tag","embeddable":true,"href":"https:\/\/www.obispado-mdp.org.ar\/a\/wp-json\/wp\/v2\/tags?post=44577"}],"curies":[{"name":"wp","href":"https:\/\/api.w.org\/{rel}","templated":true}]}}