{"id":44587,"date":"2024-09-17T00:07:49","date_gmt":"2024-09-17T03:07:49","guid":{"rendered":"https:\/\/www.obispado-mdp.org.ar\/a\/?p=44587"},"modified":"2024-09-17T00:07:50","modified_gmt":"2024-09-17T03:07:50","slug":"se-entronizo-una-reliquia-del-fundador-de-las-hermanas-fundadoras-de-la-escuela-san-miguel-en-coronel-vidal","status":"publish","type":"post","link":"https:\/\/www.obispado-mdp.org.ar\/a\/se-entronizo-una-reliquia-del-fundador-de-las-hermanas-fundadoras-de-la-escuela-san-miguel-en-coronel-vidal\/","title":{"rendered":"Se entroniz\u00f3 una reliquia del fundador de las hermanas fundadoras de la escuela San Miguel en Coronel Vidal"},"content":{"rendered":"\n<p>El pasado viernes 13, la comunidad educativa de la escuela episcopal San Miguel, de Coronel Vidal, vivi\u00f3 una jornada festiva en la que se entroniz\u00f3 una imagen y una reliquia de San Faustino M\u00edguez, fundador del Instituto Calasancio Hijas de la Divina Pastora, comunidad a la que pertenecen las hermanas que fundaron la escuela y que durante d\u00e9cadas acompa\u00f1aron la vida de esa comunidad. Precisamente la presencia de las religiosas -que desde que debieron cerrar su comunidad no hab\u00edan regresado a esa localidad- caus\u00f3 gran alegr\u00eda entre los presentes, particularmente en aquellos que compartieron con ellas durante su paso por la Instituci\u00f3n.<\/p>\n\n\n\n<p>La Misa, que se celebr\u00f3 en el patio del colegio, fue presidida por el administrador apost\u00f3lico, monse\u00f1or Ernesto Giobando sj. y estuvo concelebrada por el p\u00e1rroco local, presb\u00edtero Cristian Basterrechea, y por el delegado episcopal de Educaci\u00f3n, presb\u00edtero Juan Cruz Mennilli. Finalizando la celebraci\u00f3n, las hermanas, cuya congregaci\u00f3n se encuentra celebrando el 100mo. aniversario de su fundaci\u00f3n, expresaron su alegr\u00eda por haber vuelto a Coronel Vidal y expresaron su deseo de visitar todos los a\u00f1os la comunidad. Luego los presentes se dirigieron al oratorio del colegio, donde fueron entronizados el cuadro y la reliquia de San Faustino.&nbsp;<\/p>\n\n\n\n<p>Finalmente el padre Cristian agradeci\u00f3 a monse\u00f1or Ernesto y a las hermanas por su visita, expresando que \u201cestamos recibiendo a la familia de la escuela\u201d, y agradeci\u00f3 a las autoridades presentes, entre las que destac\u00f3 al intendente Municipal, Walter Wischnivetzky; las autoridades de la Junta Regional de Educaci\u00f3n Cat\u00f3lica, encabezadas por su presidente, Javier S\u00e1nchez; y las inspectoras de la Direcci\u00f3n General de Cultura y Educaci\u00f3n de la Provincia de Buenos Aires.<\/p>\n\n\n\n<p><\/p>\n\n\n\n<figure class=\"wp-block-image size-large\"><img loading=\"lazy\" width=\"1024\" height=\"683\" src=\"https:\/\/www.obispado-mdp.org.ar\/a\/wp-content\/uploads\/2024\/09\/DSC_6085-1024x683.jpg\" alt=\"\" class=\"wp-image-44588\"\/><\/figure>\n\n\n\n<figure class=\"wp-block-image size-large\"><img loading=\"lazy\" width=\"1024\" height=\"669\" src=\"https:\/\/www.obispado-mdp.org.ar\/a\/wp-content\/uploads\/2024\/09\/DSC_6242-1024x669.jpg\" alt=\"\" class=\"wp-image-44589\"\/><\/figure>\n\n\n\n<figure class=\"wp-block-image size-large\"><img loading=\"lazy\" width=\"1024\" height=\"768\" src=\"https:\/\/www.obispado-mdp.org.ar\/a\/wp-content\/uploads\/2024\/09\/WhatsApp-Image-2024-09-16-at-7.19.37-PM-1024x768.jpeg\" alt=\"\" class=\"wp-image-44591\"\/><\/figure>\n\n\n\n<figure class=\"wp-block-image size-large\"><img loading=\"lazy\" width=\"1024\" height=\"473\" src=\"https:\/\/www.obispado-mdp.org.ar\/a\/wp-content\/uploads\/2024\/09\/20240913_122525-1024x473.jpg\" alt=\"\" class=\"wp-image-44590\"\/><\/figure>\n","protected":false},"excerpt":{"rendered":"<p>El pasado viernes 13, la comunidad educativa de la escuela episcopal San Miguel, de Coronel Vidal, vivi\u00f3 una jornada festiva en la que se entroniz\u00f3 una imagen y una reliquia de San Faustino M\u00edguez, fundador del Instituto Calasancio Hijas de la Divina Pastora, comunidad a la que pertenecen las hermanas que fundaron la escuela y [&hellip;]<\/p>\n","protected":false},"author":4,"featured_media":0,"comment_status":"open","ping_status":"open","sticky":false,"template":"","format":"standard","meta":{"_et_pb_use_builder":"","_et_pb_old_content":"","_et_gb_content_width":""},"categories":[4],"tags":[],"aioseo_notices":[],"_links":{"self":[{"href":"https:\/\/www.obispado-mdp.org.ar\/a\/wp-json\/wp\/v2\/posts\/44587"}],"collection":[{"href":"https:\/\/www.obispado-mdp.org.ar\/a\/wp-json\/wp\/v2\/posts"}],"about":[{"href":"https:\/\/www.obispado-mdp.org.ar\/a\/wp-json\/wp\/v2\/types\/post"}],"author":[{"embeddable":true,"href":"https:\/\/www.obispado-mdp.org.ar\/a\/wp-json\/wp\/v2\/users\/4"}],"replies":[{"embeddable":true,"href":"https:\/\/www.obispado-mdp.org.ar\/a\/wp-json\/wp\/v2\/comments?post=44587"}],"version-history":[{"count":1,"href":"https:\/\/www.obispado-mdp.org.ar\/a\/wp-json\/wp\/v2\/posts\/44587\/revisions"}],"predecessor-version":[{"id":44592,"href":"https:\/\/www.obispado-mdp.org.ar\/a\/wp-json\/wp\/v2\/posts\/44587\/revisions\/44592"}],"wp:attachment":[{"href":"https:\/\/www.obispado-mdp.org.ar\/a\/wp-json\/wp\/v2\/media?parent=44587"}],"wp:term":[{"taxonomy":"category","embeddable":true,"href":"https:\/\/www.obispado-mdp.org.ar\/a\/wp-json\/wp\/v2\/categories?post=44587"},{"taxonomy":"post_tag","embeddable":true,"href":"https:\/\/www.obispado-mdp.org.ar\/a\/wp-json\/wp\/v2\/tags?post=44587"}],"curies":[{"name":"wp","href":"https:\/\/api.w.org\/{rel}","templated":true}]}}