{"id":44594,"date":"2024-09-20T09:39:22","date_gmt":"2024-09-20T12:39:22","guid":{"rendered":"https:\/\/www.obispado-mdp.org.ar\/a\/?p=44594"},"modified":"2024-09-20T09:39:23","modified_gmt":"2024-09-20T12:39:23","slug":"la-pastoral-vocacional-diocesana-llevo-adelante-el-20-encuentro-para-novios","status":"publish","type":"post","link":"https:\/\/www.obispado-mdp.org.ar\/a\/la-pastoral-vocacional-diocesana-llevo-adelante-el-20-encuentro-para-novios\/","title":{"rendered":"La Pastoral Vocacional Diocesana llev\u00f3 adelante el 20 encuentro para novios"},"content":{"rendered":"\n<p>El domingo pasado se realiz\u00f3 en el Santuario de Schoenstatt el vig\u00e9simo Encuentro para Novios, una acci\u00f3n de la Pastoral Vocacional de nuestra di\u00f3cesis que convoca a parejas j\u00f3venes a partir de los 18 a\u00f1os.<\/p>\n\n\n\n<p>Bajo el t\u00edtulo \u00abQueremos hablar\u00bb el equipo organizador present\u00f3 una serie de charlas, talleres y din\u00e1micas de reflexi\u00f3n en torno a la importancia de la comunicaci\u00f3n en la pareja.<\/p>\n\n\n\n<p>El encuentro, que cont\u00f3 con la participaci\u00f3n de 25 parejas concluy\u00f3 con la Santa Misa presidida por el asesor de esa Pastoral, presb\u00edtero Juan Pablo Arrachea y concelebrada por el asesor del Movimiento de Schoenstatt y capell\u00e1n del Santuario, presb\u00edtero Juan Cruz Mennilli y con un festejo por las 20 ediciones del Encuentro, durante la cual se agasaj\u00f3 al matrimonio fundador del espacio, M\u00f3nica y Carlos Giaquinto.<\/p>\n\n\n\n<p>Con la consigna \u00abde los novios para los novios\u00bb este Encuentro propone a las parejas un espacio para reflexionar sobre vivencias, valores y la importancia de construir juntos un proyecto de amor.<\/p>\n\n\n\n<p><\/p>\n\n\n\n<figure class=\"wp-block-image size-large\"><img loading=\"lazy\" width=\"1024\" height=\"682\" src=\"https:\/\/www.obispado-mdp.org.ar\/a\/wp-content\/uploads\/2024\/09\/WhatsApp-Image-2024-09-18-at-7.54.30-AM-1024x682.jpeg\" alt=\"\" class=\"wp-image-44595\"\/><\/figure>\n\n\n\n<figure class=\"wp-block-image size-large\"><img loading=\"lazy\" width=\"1024\" height=\"682\" src=\"https:\/\/www.obispado-mdp.org.ar\/a\/wp-content\/uploads\/2024\/09\/WhatsApp-Image-2024-09-18-at-7.54.31-AM-1024x682.jpeg\" alt=\"\" class=\"wp-image-44598\"\/><\/figure>\n\n\n\n<figure class=\"wp-block-image size-large\"><img loading=\"lazy\" width=\"1024\" height=\"682\" src=\"https:\/\/www.obispado-mdp.org.ar\/a\/wp-content\/uploads\/2024\/09\/WhatsApp-Image-2024-09-18-at-7.54.31-AM-2-1024x682.jpeg\" alt=\"\" class=\"wp-image-44596\"\/><\/figure>\n\n\n\n<figure class=\"wp-block-image size-large is-resized\"><img loading=\"lazy\" src=\"https:\/\/www.obispado-mdp.org.ar\/a\/wp-content\/uploads\/2024\/09\/WhatsApp-Image-2024-09-18-at-7.54.32-AM-682x1024.jpeg\" alt=\"\" class=\"wp-image-44597\" width=\"819\" height=\"1230\"\/><\/figure>\n\n\n\n<figure class=\"wp-block-image\"><img alt=\"\"\/><\/figure>\n","protected":false},"excerpt":{"rendered":"<p>El domingo pasado se realiz\u00f3 en el Santuario de Schoenstatt el vig\u00e9simo Encuentro para Novios, una acci\u00f3n de la Pastoral Vocacional de nuestra di\u00f3cesis que convoca a parejas j\u00f3venes a partir de los 18 a\u00f1os. Bajo el t\u00edtulo \u00abQueremos hablar\u00bb el equipo organizador present\u00f3 una serie de charlas, talleres y din\u00e1micas de reflexi\u00f3n en torno [&hellip;]<\/p>\n","protected":false},"author":4,"featured_media":0,"comment_status":"open","ping_status":"open","sticky":false,"template":"","format":"standard","meta":{"_et_pb_use_builder":"","_et_pb_old_content":"","_et_gb_content_width":""},"categories":[4],"tags":[],"aioseo_notices":[],"_links":{"self":[{"href":"https:\/\/www.obispado-mdp.org.ar\/a\/wp-json\/wp\/v2\/posts\/44594"}],"collection":[{"href":"https:\/\/www.obispado-mdp.org.ar\/a\/wp-json\/wp\/v2\/posts"}],"about":[{"href":"https:\/\/www.obispado-mdp.org.ar\/a\/wp-json\/wp\/v2\/types\/post"}],"author":[{"embeddable":true,"href":"https:\/\/www.obispado-mdp.org.ar\/a\/wp-json\/wp\/v2\/users\/4"}],"replies":[{"embeddable":true,"href":"https:\/\/www.obispado-mdp.org.ar\/a\/wp-json\/wp\/v2\/comments?post=44594"}],"version-history":[{"count":2,"href":"https:\/\/www.obispado-mdp.org.ar\/a\/wp-json\/wp\/v2\/posts\/44594\/revisions"}],"predecessor-version":[{"id":44600,"href":"https:\/\/www.obispado-mdp.org.ar\/a\/wp-json\/wp\/v2\/posts\/44594\/revisions\/44600"}],"wp:attachment":[{"href":"https:\/\/www.obispado-mdp.org.ar\/a\/wp-json\/wp\/v2\/media?parent=44594"}],"wp:term":[{"taxonomy":"category","embeddable":true,"href":"https:\/\/www.obispado-mdp.org.ar\/a\/wp-json\/wp\/v2\/categories?post=44594"},{"taxonomy":"post_tag","embeddable":true,"href":"https:\/\/www.obispado-mdp.org.ar\/a\/wp-json\/wp\/v2\/tags?post=44594"}],"curies":[{"name":"wp","href":"https:\/\/api.w.org\/{rel}","templated":true}]}}