{"id":44601,"date":"2024-09-20T17:44:38","date_gmt":"2024-09-20T20:44:38","guid":{"rendered":"https:\/\/www.obispado-mdp.org.ar\/a\/?p=44601"},"modified":"2024-09-20T18:17:42","modified_gmt":"2024-09-20T21:17:42","slug":"presencia-diocesana-en-el-xxii-encuentro-federal-de-escuelas-publicas-de-gestion-privada-que-se-desarrolla-en-mar-del-plata","status":"publish","type":"post","link":"https:\/\/www.obispado-mdp.org.ar\/a\/presencia-diocesana-en-el-xxii-encuentro-federal-de-escuelas-publicas-de-gestion-privada-que-se-desarrolla-en-mar-del-plata\/","title":{"rendered":"Presencia diocesana en el XXII Encuentro Federal de Escuelas P\u00fablicas de Gesti\u00f3n Privada que se desarrolla en Mar del Plata"},"content":{"rendered":"\n<p>Desde el mi\u00e9rcoles 18 y hasta el viernes 20 de Septiembre se desarrolla en el Hotel Intersur 13 de Julio el XXII Encuentro Federal de Escuelas P\u00fablicas de Gesti\u00f3n Privada organizado por la Junta Coordinadora de Asociaciones de la Ense\u00f1anza Privada de la Rep\u00fablica Argentina (COORDIEP), con el lema \u201cEl poder vital de la escuela\u201d.<\/p>\n\n\n\n<p>El presidente de la Junta Regional de Educaci\u00f3n Cat\u00f3lica, Javier Sanchez se encontraba entre los presentes, junto a otros miembros de la JuREC diocesana y representantes legales y directivos de escuelas cat\u00f3licas de la di\u00f3cesis de Mar del Plata.<\/p>\n\n\n\n<p>Durante el acto de apertura se llev\u00f3 adelante un espacio llamado \u201ctiempo de reflexi\u00f3n\u201d en el que representantes de distintas confesiones religiosas participaron ofreciendo su mensaje. El delegado episcopal para la Educaci\u00f3n de la Di\u00f3cesis de Mar del Plata, presb\u00edtero Juan Cruz Mennilli, form\u00f3 parte del panel junto a la pastora de la Iglesia Evang\u00e9lica Luterana Unida, Delia Ravagnani; el director del Consejo Central de Educaci\u00f3n Jud\u00eda Argentina, Ariel Cohen Imach; y el director general del Instituto Adventista de Balcarce, Gabriel P\u00e9rez Schulz.<\/p>\n\n\n\n<p>El padre Mennilli comenz\u00f3 haciendo llegar el saludo del administrador apost\u00f3lico, monse\u00f1or Ernesto Giobando sj. y en su mensaje invit\u00f3 a \u201cagradecer y valorar el poder encontrarnos ya que no es con la visi\u00f3n de uno solo, ni alejados de la compleja realidad de las escuelas de un pa\u00eds federal como el nuestro, como podremos percibir esa vida que late en cada escuela y que nos toca acompa\u00f1ar para que se desarrolle en plenitud.\u201d En esa l\u00ednea parafrase\u00f3 al papa Francisco al aportar la figura del poliedro, \u201cque refleja la confluencia de todas las parcialidades que en \u00e9l conservan su originalidad.\u201d<\/p>\n\n\n\n<p>Seguidamente los m\u00e1s de 250 directivos de escuelas privadas, supervisores, acad\u00e9micos y especialistas presentes escucharon las palabras de algunas autoridades, tales como el secretario de Educaci\u00f3n de la Naci\u00f3n, Carlos Torrendell; el director nacional de Educaci\u00f3n de Gesti\u00f3n Privada, Patricio Barber Soler; el Director de la DIEGEP de la Provincia de Buenos Aires, Javier Ranaldi; y el Secretario de Educaci\u00f3n de Gral. Pueyrredon, Fernando Rizzi. Concluyendo el acto de apertura y antes de la conferencia del Dr. Conrado Estol, el anfitri\u00f3n del encuentro y secretario ejecutivo de COORDIEP, Norberto Baloira, exhort\u00f3 a \u201csuperar barreras y preocupaciones en el \u00e1mbito educativo, enfatizando la necesidad de colaboraci\u00f3n entre colegas para enfrentar los desaf\u00edos.\u201d<\/p>\n\n\n\n<p>En el segundo d\u00eda del encuentro el vicepresidente de la JuREC, Rub\u00e9n Primo Fern\u00e1ndez, form\u00f3 parte del panel de expertos de equipos de conducci\u00f3n que junto a la prestigiosa educadora espa\u00f1ola Coral Reg\u00ed intercambi\u00f3 ideas sobre el \u00abpoder vital de la escuela\u00bb, tema central de este encuentro.<\/p>\n\n\n\n<figure class=\"wp-block-image size-large\"><img loading=\"lazy\" width=\"1024\" height=\"768\" src=\"https:\/\/www.obispado-mdp.org.ar\/a\/wp-content\/uploads\/2024\/09\/Para-nombramientos-WEB-1-2-1024x768.png\" alt=\"\" class=\"wp-image-44603\"\/><\/figure>\n\n\n\n<figure class=\"wp-block-image size-full is-resized\"><img loading=\"lazy\" src=\"https:\/\/www.obispado-mdp.org.ar\/a\/wp-content\/uploads\/2024\/09\/WhatsApp-Image-2024-09-20-at-5.38.31-PM.jpeg\" alt=\"\" class=\"wp-image-44604\" width=\"821\" height=\"655\"\/><\/figure>\n\n\n\n<figure class=\"wp-block-image size-large is-resized\"><img loading=\"lazy\" src=\"https:\/\/www.obispado-mdp.org.ar\/a\/wp-content\/uploads\/2024\/09\/26f9d99f-824e-449a-8730-e3e5187e830c-768x1024.jpeg\" alt=\"\" class=\"wp-image-44605\" width=\"819\" height=\"1092\"\/><\/figure>\n","protected":false},"excerpt":{"rendered":"<p>Desde el mi\u00e9rcoles 18 y hasta el viernes 20 de Septiembre se desarrolla en el Hotel Intersur 13 de Julio el XXII Encuentro Federal de Escuelas P\u00fablicas de Gesti\u00f3n Privada organizado por la Junta Coordinadora de Asociaciones de la Ense\u00f1anza Privada de la Rep\u00fablica Argentina (COORDIEP), con el lema \u201cEl poder vital de la escuela\u201d. [&hellip;]<\/p>\n","protected":false},"author":4,"featured_media":0,"comment_status":"open","ping_status":"open","sticky":false,"template":"","format":"standard","meta":{"_et_pb_use_builder":"","_et_pb_old_content":"","_et_gb_content_width":""},"categories":[4],"tags":[],"aioseo_notices":[],"_links":{"self":[{"href":"https:\/\/www.obispado-mdp.org.ar\/a\/wp-json\/wp\/v2\/posts\/44601"}],"collection":[{"href":"https:\/\/www.obispado-mdp.org.ar\/a\/wp-json\/wp\/v2\/posts"}],"about":[{"href":"https:\/\/www.obispado-mdp.org.ar\/a\/wp-json\/wp\/v2\/types\/post"}],"author":[{"embeddable":true,"href":"https:\/\/www.obispado-mdp.org.ar\/a\/wp-json\/wp\/v2\/users\/4"}],"replies":[{"embeddable":true,"href":"https:\/\/www.obispado-mdp.org.ar\/a\/wp-json\/wp\/v2\/comments?post=44601"}],"version-history":[{"count":3,"href":"https:\/\/www.obispado-mdp.org.ar\/a\/wp-json\/wp\/v2\/posts\/44601\/revisions"}],"predecessor-version":[{"id":44609,"href":"https:\/\/www.obispado-mdp.org.ar\/a\/wp-json\/wp\/v2\/posts\/44601\/revisions\/44609"}],"wp:attachment":[{"href":"https:\/\/www.obispado-mdp.org.ar\/a\/wp-json\/wp\/v2\/media?parent=44601"}],"wp:term":[{"taxonomy":"category","embeddable":true,"href":"https:\/\/www.obispado-mdp.org.ar\/a\/wp-json\/wp\/v2\/categories?post=44601"},{"taxonomy":"post_tag","embeddable":true,"href":"https:\/\/www.obispado-mdp.org.ar\/a\/wp-json\/wp\/v2\/tags?post=44601"}],"curies":[{"name":"wp","href":"https:\/\/api.w.org\/{rel}","templated":true}]}}