{"id":44611,"date":"2024-09-30T10:13:23","date_gmt":"2024-09-30T13:13:23","guid":{"rendered":"https:\/\/www.obispado-mdp.org.ar\/a\/?p=44611"},"modified":"2024-09-30T10:13:24","modified_gmt":"2024-09-30T13:13:24","slug":"cientos-de-jovenes-invadieron-otamendi-en-la-56ta-invasion-de-pueblos","status":"publish","type":"post","link":"https:\/\/www.obispado-mdp.org.ar\/a\/cientos-de-jovenes-invadieron-otamendi-en-la-56ta-invasion-de-pueblos\/","title":{"rendered":"Cientos de j\u00f3venes \u201cinvadieron\u201d Otamendi en la 56ta. Invasi\u00f3n de Pueblos"},"content":{"rendered":"\n<p>En el marco de la 56\u00aa edici\u00f3n del encuentro \u201cInvasi\u00f3n de Pueblos\u201d, j\u00f3venes de las distintas comunidades eclesiales de la di\u00f3cesis de Mar del Plata se hicieron presente este viernes en la localidad de Comandante Nicanor Otamendi, en el Partido de General Alvarado, con los colores propios de cada uno de los siete decanatos del territorio diocesano. La comunidad de la Parroquia Santa Teresita de Otamendi en conjunto con el Movimiento Juvenil Diocesano&nbsp; (MJD) dio la bienvenida a los cientos de j\u00f3venes que participaron del acto de apertura, y juntos compartieron un momento de oraci\u00f3n.<\/p>\n\n\n\n<p>El s\u00e1bado los participantes compartieron momentos de formaci\u00f3n divididos por niveles seg\u00fan las diferentes edades. Los mismos estuvieron a cargo de Vanesa del Castillo (nivel 1), Pablo Corva y Paz Manuera (nivel 2), y el sacerdote de la di\u00f3cesis de San Isidro Alejandro Bertolini (nivel 3). Tambi\u00e9n llevaron adelante distintas experiencias de misi\u00f3n tales como pintar murales, visitar la sede de C\u00e1ritas, misi\u00f3n casa por casa, entre otras.<\/p>\n\n\n\n<p>El administrador apost\u00f3lico, monse\u00f1or Ernesto Giobando sj., comparti\u00f3 con los \u201cinvasores\u201d distintos momentos y presidi\u00f3 la Santa Misa, en la que en l\u00ednea con el lema del encuentro, \u201cHay un lugar para vos\u201d, les dijo \u201csi seguimos a Jes\u00fas, tenemos que tener un coraz\u00f3n grande, porque en el del Se\u00f1or hay lugar para todos\u201d y los exhort\u00f3 a \u201cestar abiertos a descubrir todo lo bueno que hay en el mundo.\u201d<\/p>\n\n\n\n<p>En el tradicional fog\u00f3n de la noche del s\u00e1bado, el animador Leandro Perrupato gener\u00f3 un momento festivo, en el que entre cantos y juegos los j\u00f3venes expresaron la alegr\u00eda de la fe.<\/p>\n\n\n\n<p>El domingo y como cierre del encuentro, monse\u00f1or Giobando presidi\u00f3 la Eucarist\u00eda, en la que agradeci\u00f3 \u201cal padre Walter, al padre Lucas y a los laicos y religiosos que trabajaron para este gran encuentro juvenil\u201d. Por su parte el padre Lucas Di Leva junto con Guadalupe, una de las animadoras del encuentro, anunci\u00f3 ante la expectativa de los j\u00f3venes d\u00f3nde ser\u00e1 la Invasi\u00f3n n\u00famero 57 el a\u00f1o pr\u00f3ximo. La localidad anfitriona ser\u00e1 Coronel Vidal, por lo que j\u00f3venes de esa Parroquia se acercaron a recibir la imagen de la Virgen de Luj\u00e1n, patrona del MJD, que desde ese momento y hasta el a\u00f1o que viene, acompa\u00f1ar\u00e1 a esa localidad en la preparaci\u00f3n de la pr\u00f3xima Invasi\u00f3n de Pueblos.<\/p>\n\n\n\n<figure class=\"wp-block-image size-large is-resized\"><img loading=\"lazy\" src=\"https:\/\/www.obispado-mdp.org.ar\/a\/wp-content\/uploads\/2024\/09\/WhatsApp-Image-2024-09-28-at-6.24.54-PM-1024x768.jpeg\" alt=\"\" class=\"wp-image-44612\" width=\"821\" height=\"615\"\/><\/figure>\n\n\n\n<figure class=\"wp-block-image size-large\"><img loading=\"lazy\" width=\"1024\" height=\"768\" src=\"https:\/\/www.obispado-mdp.org.ar\/a\/wp-content\/uploads\/2024\/09\/WhatsApp-Image-2024-09-28-at-7.36.57-PM-1024x768.jpeg\" alt=\"\" class=\"wp-image-44613\"\/><\/figure>\n\n\n\n<figure class=\"wp-block-image size-large\"><img loading=\"lazy\" width=\"1024\" height=\"768\" src=\"https:\/\/www.obispado-mdp.org.ar\/a\/wp-content\/uploads\/2024\/09\/WhatsApp-Image-2024-09-28-at-6.09.45-PM-1024x768.jpeg\" alt=\"\" class=\"wp-image-44614\"\/><\/figure>\n\n\n\n<figure class=\"wp-block-image size-large\"><img loading=\"lazy\" width=\"1024\" height=\"768\" src=\"https:\/\/www.obispado-mdp.org.ar\/a\/wp-content\/uploads\/2024\/09\/WhatsApp-Image-2024-09-28-at-7.36.55-PM-1024x768.jpeg\" alt=\"\" class=\"wp-image-44615\"\/><\/figure>\n","protected":false},"excerpt":{"rendered":"<p>En el marco de la 56\u00aa edici\u00f3n del encuentro \u201cInvasi\u00f3n de Pueblos\u201d, j\u00f3venes de las distintas comunidades eclesiales de la di\u00f3cesis de Mar del Plata se hicieron presente este viernes en la localidad de Comandante Nicanor Otamendi, en el Partido de General Alvarado, con los colores propios de cada uno de los siete decanatos del [&hellip;]<\/p>\n","protected":false},"author":4,"featured_media":0,"comment_status":"open","ping_status":"open","sticky":false,"template":"","format":"standard","meta":{"_et_pb_use_builder":"","_et_pb_old_content":"","_et_gb_content_width":""},"categories":[4],"tags":[],"aioseo_notices":[],"_links":{"self":[{"href":"https:\/\/www.obispado-mdp.org.ar\/a\/wp-json\/wp\/v2\/posts\/44611"}],"collection":[{"href":"https:\/\/www.obispado-mdp.org.ar\/a\/wp-json\/wp\/v2\/posts"}],"about":[{"href":"https:\/\/www.obispado-mdp.org.ar\/a\/wp-json\/wp\/v2\/types\/post"}],"author":[{"embeddable":true,"href":"https:\/\/www.obispado-mdp.org.ar\/a\/wp-json\/wp\/v2\/users\/4"}],"replies":[{"embeddable":true,"href":"https:\/\/www.obispado-mdp.org.ar\/a\/wp-json\/wp\/v2\/comments?post=44611"}],"version-history":[{"count":1,"href":"https:\/\/www.obispado-mdp.org.ar\/a\/wp-json\/wp\/v2\/posts\/44611\/revisions"}],"predecessor-version":[{"id":44616,"href":"https:\/\/www.obispado-mdp.org.ar\/a\/wp-json\/wp\/v2\/posts\/44611\/revisions\/44616"}],"wp:attachment":[{"href":"https:\/\/www.obispado-mdp.org.ar\/a\/wp-json\/wp\/v2\/media?parent=44611"}],"wp:term":[{"taxonomy":"category","embeddable":true,"href":"https:\/\/www.obispado-mdp.org.ar\/a\/wp-json\/wp\/v2\/categories?post=44611"},{"taxonomy":"post_tag","embeddable":true,"href":"https:\/\/www.obispado-mdp.org.ar\/a\/wp-json\/wp\/v2\/tags?post=44611"}],"curies":[{"name":"wp","href":"https:\/\/api.w.org\/{rel}","templated":true}]}}