{"id":44620,"date":"2024-10-07T13:59:16","date_gmt":"2024-10-07T16:59:16","guid":{"rendered":"https:\/\/www.obispado-mdp.org.ar\/a\/?p=44620"},"modified":"2024-10-07T14:00:08","modified_gmt":"2024-10-07T17:00:08","slug":"nuevos-destinos-pastorales-en-la-diocesis-de-mar-del-plata","status":"publish","type":"post","link":"https:\/\/www.obispado-mdp.org.ar\/a\/nuevos-destinos-pastorales-en-la-diocesis-de-mar-del-plata\/","title":{"rendered":"Nuevos destinos pastorales en la Di\u00f3cesis de Mar del Plata"},"content":{"rendered":"\n<p><\/p>\n\n\n\n<p>El Obispado de Mar del Plata dio a conocer los nuevos oficios pastorales que desempe\u00f1ar\u00e1n varios sacerdotes del clero marplatense. En los pr\u00f3ximos d\u00edas se detallar\u00e1 el cronograma con las distintas celebraciones en las que entrar\u00e1n en funci\u00f3n los nuevos p\u00e1rrocos.<\/p>\n\n\n\n<p>En la ciudad de Mar del Plata, el padre Ariel Sueiro, actual p\u00e1rroco de la parroquia Santa Cecilia, Iglesia Catedral, asumir\u00e1 como p\u00e1rroco de la parroquia Asunci\u00f3n de la Sant\u00edsima Virgen, en reemplazo del padre Luis Alb\u00f3niga, quien fue previamente trasladado temporalmente, por la Santa Sede, a la di\u00f3cesis de Jujuy. Por su parte, el actual p\u00e1rroco de la parroquia Jes\u00fas Obrero, padre Ezequiel Kseim, ser\u00e1 quien asuma como p\u00e1rroco de la Catedral, donde ser\u00e1 trasladado como vicario parroquial el padre Lucas Di Leva, quien actualmente desempe\u00f1a el mismo oficio en la parroquia Asunci\u00f3n. En la parroquia Jes\u00fas Obrero asumir\u00e1 como p\u00e1rroco el padre Fernando Mendoza, actual p\u00e1rroco de Santa Mar\u00eda del Carmen en Necochea.<\/p>\n\n\n\n<p>Por otra parte se dispuso que el padre Alberto Abelda\u00f1o, actual p\u00e1rroco de la parroquia San Marcos, asuma como p\u00e1rroco de la parroquia San Benedetto M\u00e1rtir en reemplazo del padre H\u00e9ctor D\u00edaz, quien a su vez asumir\u00e1 como p\u00e1rroco de la parroquia San Marcos.<\/p>\n\n\n\n<p>En la parroquia San Cayetano asumir\u00e1 como p\u00e1rroco el padre David Ochoa, actualmente p\u00e1rroco de Santa Mar\u00eda (Balcarce), mientras que el actual p\u00e1rroco, el padre Juan Pablo Cayrol, colaborar\u00e1 en actividades pastorales diocesanas.<\/p>\n\n\n\n<p>Tambi\u00e9n se detall\u00f3 que en la Parroquia Padre Pio de Pietrelcina asumir\u00e1 como p\u00e1rroco el padre Juan Pablo Arrachea, actual vicario de la Iglesia Catedral, mientras que su actual p\u00e1rroco, el padre Santiago Arriola ser\u00e1 p\u00e1rroco de la parroquia Nuestra Se\u00f1ora de F\u00e1tima en la localidad de San Manuel.<\/p>\n\n\n\n<p>Siguiendo con las localidades del interior de la di\u00f3cesis, se inform\u00f3 que el actual p\u00e1rroco de la parroquia Inmaculada Concepci\u00f3n (Villa Gesell), padre Pablo Bosisio, asumir\u00e1 como p\u00e1rroco de las parroquias Santa Mar\u00eda del Carmen y Nuestra Se\u00f1ora de Pompeya (ambas en Necochea), mientras que en Villa Gesell el cura p\u00e1rroco ser\u00e1 el padre Tom\u00e1s de la Riva, actual formador en el Seminario San Jos\u00e9 (La Plata).<\/p>\n\n\n\n<p>En la ciudad de Balcarce, el actual p\u00e1rroco de San Jos\u00e9, padre Pablo Etchepareborda asumir\u00e1 tambi\u00e9n la parroquia vecina, Santa Mar\u00eda, y en San Agust\u00edn, la parroquia Sagrada Familia. Lo acompa\u00f1ar\u00e1 como vicario parroquial el actual vicario de la Parroquia Padre Pio de Pietrelcina, padre Juan Marcos Degl\u2019Innocenti.<\/p>\n\n\n\n<figure class=\"wp-block-image size-large\"><img loading=\"lazy\" width=\"1024\" height=\"1024\" src=\"https:\/\/www.obispado-mdp.org.ar\/a\/wp-content\/uploads\/2024\/10\/Nombramientos-Mons.-7-1024x1024.png\" alt=\"\" class=\"wp-image-44624\"\/><\/figure>\n\n\n\n<figure class=\"wp-block-image size-large\"><img loading=\"lazy\" width=\"1024\" height=\"483\" src=\"https:\/\/www.obispado-mdp.org.ar\/a\/wp-content\/uploads\/2024\/10\/Parroquia-Asuncion-de-la-Virgen-de-Mar-del-PlataPbro.-Ariel-Sueiro-3-1024x483.png\" alt=\"\" class=\"wp-image-44623\"\/><\/figure>\n","protected":false},"excerpt":{"rendered":"<p>El Obispado de Mar del Plata dio a conocer los nuevos oficios pastorales que desempe\u00f1ar\u00e1n varios sacerdotes del clero marplatense. En los pr\u00f3ximos d\u00edas se detallar\u00e1 el cronograma con las distintas celebraciones en las que entrar\u00e1n en funci\u00f3n los nuevos p\u00e1rrocos. En la ciudad de Mar del Plata, el padre Ariel Sueiro, actual p\u00e1rroco de [&hellip;]<\/p>\n","protected":false},"author":4,"featured_media":0,"comment_status":"open","ping_status":"open","sticky":false,"template":"","format":"standard","meta":{"_et_pb_use_builder":"","_et_pb_old_content":"","_et_gb_content_width":""},"categories":[4],"tags":[],"aioseo_notices":[],"_links":{"self":[{"href":"https:\/\/www.obispado-mdp.org.ar\/a\/wp-json\/wp\/v2\/posts\/44620"}],"collection":[{"href":"https:\/\/www.obispado-mdp.org.ar\/a\/wp-json\/wp\/v2\/posts"}],"about":[{"href":"https:\/\/www.obispado-mdp.org.ar\/a\/wp-json\/wp\/v2\/types\/post"}],"author":[{"embeddable":true,"href":"https:\/\/www.obispado-mdp.org.ar\/a\/wp-json\/wp\/v2\/users\/4"}],"replies":[{"embeddable":true,"href":"https:\/\/www.obispado-mdp.org.ar\/a\/wp-json\/wp\/v2\/comments?post=44620"}],"version-history":[{"count":2,"href":"https:\/\/www.obispado-mdp.org.ar\/a\/wp-json\/wp\/v2\/posts\/44620\/revisions"}],"predecessor-version":[{"id":44625,"href":"https:\/\/www.obispado-mdp.org.ar\/a\/wp-json\/wp\/v2\/posts\/44620\/revisions\/44625"}],"wp:attachment":[{"href":"https:\/\/www.obispado-mdp.org.ar\/a\/wp-json\/wp\/v2\/media?parent=44620"}],"wp:term":[{"taxonomy":"category","embeddable":true,"href":"https:\/\/www.obispado-mdp.org.ar\/a\/wp-json\/wp\/v2\/categories?post=44620"},{"taxonomy":"post_tag","embeddable":true,"href":"https:\/\/www.obispado-mdp.org.ar\/a\/wp-json\/wp\/v2\/tags?post=44620"}],"curies":[{"name":"wp","href":"https:\/\/api.w.org\/{rel}","templated":true}]}}