{"id":44675,"date":"2024-10-10T18:07:44","date_gmt":"2024-10-10T21:07:44","guid":{"rendered":"https:\/\/www.obispado-mdp.org.ar\/a\/?p=44675"},"modified":"2024-10-10T18:08:03","modified_gmt":"2024-10-10T21:08:03","slug":"se-realizo-la-formacion-de-los-nuevos-ministros-extraordinarios-de-la-comunion","status":"publish","type":"post","link":"https:\/\/www.obispado-mdp.org.ar\/a\/se-realizo-la-formacion-de-los-nuevos-ministros-extraordinarios-de-la-comunion\/","title":{"rendered":"Se realiz\u00f3 la formaci\u00f3n de los nuevos Ministros Extraordinarios de la Comuni\u00f3n"},"content":{"rendered":"\n<p><\/p>\n\n\n\n<p>El 9 de octubre se realiz\u00f3 el primer encuentro de formaci\u00f3n de los nuevos Ministros Extraordinarios de la Comuni\u00f3n previsto para este a\u00f1o. Numerosos laicos designados por los responsables de diferentes comunidades de la di\u00f3cesis participaron del una jornada de formaci\u00f3n en la cual profundizaron sobre el ministerio laical que desarrollar\u00e1n al ser instituidos para el servicio de la Eucarist\u00eda, ayudando en una forma activa a los p\u00e1rrocos en la distribuci\u00f3n de la Comuni\u00f3n, tanto en la misa como fuera de ella, principalmente en la visita de los hogares de los ancianos y enfermos que ya no pueden acudir a la celebraci\u00f3n comunitaria. Dicha formaci\u00f3n fue impartida en dos bloques los cuales estuvieron a cargo de los sacerdotes Ariel Sueiro y Ezequiel Kseim.<\/p>\n\n\n\n<p>Est\u00e1 previsto un segundo encuentro que ser\u00e1 el 26 de octubre en la Parroquia Nuestra Se\u00f1ora de F\u00e1tima, en el que participar\u00e1n no solo los nuevos MEC designados sino tambi\u00e9n aquellos que ya est\u00e1n prestando ese servicio en las comunidades de la di\u00f3cesis.<\/p>\n\n\n\n<p><\/p>\n\n\n\n<figure class=\"wp-block-image size-large\"><img loading=\"lazy\" width=\"1024\" height=\"576\" src=\"https:\/\/www.obispado-mdp.org.ar\/a\/wp-content\/uploads\/2024\/10\/WhatsApp-Image-2024-10-09-at-9.27.52-PM-1024x576.jpeg\" alt=\"\" class=\"wp-image-44676\"\/><\/figure>\n\n\n\n<figure class=\"wp-block-image size-large\"><img loading=\"lazy\" width=\"1024\" height=\"576\" src=\"https:\/\/www.obispado-mdp.org.ar\/a\/wp-content\/uploads\/2024\/10\/WhatsApp-Image-2024-10-09-at-9.27.32-PM-1024x576.jpeg\" alt=\"\" class=\"wp-image-44689\"\/><\/figure>\n","protected":false},"excerpt":{"rendered":"<p>El 9 de octubre se realiz\u00f3 el primer encuentro de formaci\u00f3n de los nuevos Ministros Extraordinarios de la Comuni\u00f3n previsto para este a\u00f1o. Numerosos laicos designados por los responsables de diferentes comunidades de la di\u00f3cesis participaron del una jornada de formaci\u00f3n en la cual profundizaron sobre el ministerio laical que desarrollar\u00e1n al ser instituidos para [&hellip;]<\/p>\n","protected":false},"author":4,"featured_media":0,"comment_status":"open","ping_status":"open","sticky":false,"template":"","format":"standard","meta":{"_et_pb_use_builder":"","_et_pb_old_content":"","_et_gb_content_width":""},"categories":[4],"tags":[],"aioseo_notices":[],"_links":{"self":[{"href":"https:\/\/www.obispado-mdp.org.ar\/a\/wp-json\/wp\/v2\/posts\/44675"}],"collection":[{"href":"https:\/\/www.obispado-mdp.org.ar\/a\/wp-json\/wp\/v2\/posts"}],"about":[{"href":"https:\/\/www.obispado-mdp.org.ar\/a\/wp-json\/wp\/v2\/types\/post"}],"author":[{"embeddable":true,"href":"https:\/\/www.obispado-mdp.org.ar\/a\/wp-json\/wp\/v2\/users\/4"}],"replies":[{"embeddable":true,"href":"https:\/\/www.obispado-mdp.org.ar\/a\/wp-json\/wp\/v2\/comments?post=44675"}],"version-history":[{"count":1,"href":"https:\/\/www.obispado-mdp.org.ar\/a\/wp-json\/wp\/v2\/posts\/44675\/revisions"}],"predecessor-version":[{"id":44693,"href":"https:\/\/www.obispado-mdp.org.ar\/a\/wp-json\/wp\/v2\/posts\/44675\/revisions\/44693"}],"wp:attachment":[{"href":"https:\/\/www.obispado-mdp.org.ar\/a\/wp-json\/wp\/v2\/media?parent=44675"}],"wp:term":[{"taxonomy":"category","embeddable":true,"href":"https:\/\/www.obispado-mdp.org.ar\/a\/wp-json\/wp\/v2\/categories?post=44675"},{"taxonomy":"post_tag","embeddable":true,"href":"https:\/\/www.obispado-mdp.org.ar\/a\/wp-json\/wp\/v2\/tags?post=44675"}],"curies":[{"name":"wp","href":"https:\/\/api.w.org\/{rel}","templated":true}]}}