{"id":44698,"date":"2024-10-11T20:48:01","date_gmt":"2024-10-11T23:48:01","guid":{"rendered":"https:\/\/www.obispado-mdp.org.ar\/a\/?p=44698"},"modified":"2024-10-14T09:32:40","modified_gmt":"2024-10-14T12:32:40","slug":"agustin-salvia-diserto-en-el-aula-filler-sobre-la-crisis-que-e%ef%bf%bcnfrenta-el-empleo-en-la-argentina","status":"publish","type":"post","link":"https:\/\/www.obispado-mdp.org.ar\/a\/agustin-salvia-diserto-en-el-aula-filler-sobre-la-crisis-que-e%ef%bf%bcnfrenta-el-empleo-en-la-argentina\/","title":{"rendered":"Agust\u00edn Salvia disert\u00f3 en el Aula\u00a0Filler\u00a0sobre la crisis que enfrenta el empleo en la Argentina"},"content":{"rendered":"\n<p>El&nbsp;pasado&nbsp;jueves 10 de octubre, el reconocido soci\u00f3logo Agust\u00edn Salvia brind\u00f3 una charla en el aula Silvia&nbsp;Filler&nbsp;del Rectorado de la Universidad Nacional de Mar del Plata (UNMDP), en Diagonal Alberdi Sur 2695. Cont\u00f3 con la presencia del rector de la Universidad Nacional de Mar del Plata, Alfredo&nbsp;Lazzeretti, y el administrador apost\u00f3lico de la Di\u00f3cesis de Mar del Plata, monse\u00f1or Ernesto&nbsp;Giobando. Tambi\u00e9n con integrantes la Mesa de Di\u00e1logo por la Dignidad de las Periferias del Obispado de Mar del Plata, y la directora de la Escuela de Gobierno y Administraci\u00f3n P\u00fablica (EGAP), M\u00f3nica&nbsp;Biasone.&nbsp;<\/p>\n\n\n\n<p>La disertaci\u00f3n de Salvia tuvo tres ejes centrales: El ciclo medio de las&nbsp;postconvertibilidad; an\u00e1lisis de coyuntura&nbsp;socioecon\u00f3mico, ocupacional y de pobreza, y finalmente, las din\u00e1micas de la distribuci\u00f3n del ingreso en Mar del Plata. Durante el ciclo, Salvia present\u00f3 informes del Observatorio de la Deuda Social en Argentina (ODSA) y problematiz\u00f3 acerca de los niveles de pobreza, indigencia, salarios y trabajo informal en nuestro pa\u00eds. Asimismo, realiz\u00f3 un an\u00e1lisis desde los distintos ciclos pol\u00edticos y econ\u00f3micos por los que nuestro pa\u00eds fue atravesando en las \u00faltimas d\u00e9cadas y enfatiz\u00f3 en las condiciones de desigualdad persistentes y en aumento en la actualidad.<\/p>\n\n\n\n<p>Para dar inicio a la exposici\u00f3n del soci\u00f3logo,&nbsp;Lazzerettidedic\u00f3 unas palabras acerca de las desigualdades que golpean a nuestro pa\u00eds: \u201c\u2019Sin duda alguna, como parte de una instituci\u00f3n como la Universidad P\u00fablica tenemos el deber de devolverle a la comunidad todo lo que nos da. El drama social con el que estamos viviendo tiene que servir para motivarnos y para &nbsp;trabajar con un mayor \u00e9nfasis en las cuestiones sociales. Asumimos ese compromiso y agradecemos much\u00edsimos que est\u00e1n aqu\u00ed. Estamos convencidos que la universidad es la casa de todas las ideas\u2019\u2019, finaliz\u00f3. Por su parte monse\u00f1or&nbsp;Giobando&nbsp;destac\u00f3 que \u201cestos espacios de di\u00e1logo con especialistas y en presencia de representantes de tan diversos \u00e1mbitos son algo para agradecer, y eso pasa en Mar del Plata.\u201d<\/p>\n\n\n\n<p>Posteriormente Salvia se\u00f1al\u00f3:&nbsp;\u201cla pobreza, lamentablemente viene aumentando sistem\u00e1ticamente en Argentina en los \u00faltimos tiempos y en los \u00faltimos 10 meses ese proceso de deterioro que ha venido experimentando la sociedad argentina tiene claramente como responsables a las diligencias pol\u00edticas\u201d.<\/p>\n\n\n\n<p>El soci\u00f3logo indic\u00f3 que actualmente la pobreza en Mar del Plata alcanza un alarmante 46%, con un 13% de indigencia. A pesar de las mejoras salariales observadas en 2011 y 2012, la precarizaci\u00f3n del empleo ha llevado a que actualmente 1 de cada 4 argentinos dependa de trabajos informales, conocidos como \u201cchangas\u201d. Esta situaci\u00f3n, seg\u00fan el disertante, refleja una incapacidad del sector informal para generar condiciones de subsistencia adecuadas.<\/p>\n\n\n\n<p>Uno de los puntos importantes de la charla fue sobre el d\u00e9ficit fiscal. Salvia argument\u00f3 que \u00abuna econom\u00eda no puede sostenerse con d\u00e9ficit\u00bb y destac\u00f3 la importancia de establecer un equilibrio fiscal. Se\u00f1al\u00f3 que el creciente gasto social dedicado a los programas de asistencia es necesario pero insuficiente frente al aumento de la pobreza y abog\u00f3 por pol\u00edticas de inversi\u00f3n que promuevan el desarrollo y la inclusi\u00f3n a largo plazo.<\/p>\n\n\n\n<p>El especialista abord\u00f3, adem\u00e1s, la distribuci\u00f3n del ingreso en Mar del Plata en donde el 46% de los empleos son informales, mientras que solo el 39% se encuentra en el sector formal. Esta disparidad resalta la necesidad de una intervenci\u00f3n m\u00e1s efectiva en pol\u00edticas laborales y sociales.<\/p>\n\n\n\n<p>En el contexto de tensi\u00f3n social, econ\u00f3mica y pol\u00edtica que atraviesa nuestro pa\u00eds, el gobierno actual se encuentra en la mira latente de la sociedad. En relaci\u00f3n a ello y luego de exponer las cifras de pobreza e indigencia desde la vuelta a la democracia, Salvia apunt\u00f3 contra los \u00faltimos gobiernos y declar\u00f3: \u201cNo han estado a la altura de una sociedad que ha pedido capacidad de liderazgo, de llevar adelante pol\u00edticas econ\u00f3micas y sociales que generen crecimiento, inversi\u00f3n, que generen empleo y que al mismo tiempo permitan que las familias puedan progresar con su trabajo\u201d.<\/p>\n\n\n\n<p>Sobre la situaci\u00f3n actual en la que se encuentran las universidades nacionales como consecuencia del veto a la Ley de Financiamiento Universitario, se pronunci\u00f3 al respecto destacando que la educaci\u00f3n p\u00fablica cumple un papel extraordinario el formar profesionales no s\u00f3lo a nivel individual sino tambi\u00e9n visto desde una perspectiva de movilidad social. Sin embargo, Salvia sostiene que se deber\u00eda pensar en que las y los profesionales que forman las universidades p\u00fablicas retribuyan a la sociedad lo que \u00e9sta invirti\u00f3 en ellas y ellos. Es decir, que \u201cse debe pensar la Universidad como formadora de profesionales que est\u00e9n a la altura de las demandas que requieren nuestros sistemas sociales\u201d y agreg\u00f3 \u2018\u2019Esto implica inversi\u00f3n pero tambi\u00e9n implica eficiencia y eficacia\u2019\u2019. Adem\u00e1s, remarc\u00f3 que el hecho de mantener las estructuras universitarias sin modificarlas y pensar que no tienen m\u00e1s que hacer que \u201crecibir ingresos y seguir gast\u00e1ndolos como hasta ahora\u201d, tampoco es bueno para la universidad, puesto que la distancia de la sociedad.<\/p>\n\n\n\n<p>Sobre el final, Salvia inst\u00f3 a las autoridades y a la sociedad civil a trabajar en conjunto para afrontar los desaf\u00edos que supone la actual crisis socioecon\u00f3mica. La participaci\u00f3n activa de distintos concejales de General Pueyrred\u00f3n, autoridades del Obispado de Mar del Plata e integrantes de c\u00e1maras empresarias, organizaciones sindicales y movimientos sociales reflejan un inter\u00e9s por encontrar soluciones mancomunadas a estos problemas apremiantes. Su presentaci\u00f3n tambi\u00e9n motiv\u00f3 un debate necesario sobre las estrategias a seguir para mejorar las condiciones de vida de los ciudadanos marplatenses.<\/p>\n\n\n\n<figure class=\"wp-block-image size-large is-resized\"><img loading=\"lazy\" src=\"https:\/\/www.obispado-mdp.org.ar\/a\/wp-content\/uploads\/2024\/10\/3473349e-7cf0-4ca6-ad41-d3b311fadf51-1024x768.jpeg\" alt=\"\" class=\"wp-image-44699\" width=\"369\" height=\"276\"\/><\/figure>\n\n\n\n<figure class=\"wp-block-image size-large\"><img loading=\"lazy\" width=\"1024\" height=\"768\" src=\"https:\/\/www.obispado-mdp.org.ar\/a\/wp-content\/uploads\/2024\/10\/1a433dbc-13d8-43a7-9fa5-9e794c73c302-1024x768.jpeg\" alt=\"\" class=\"wp-image-44700\"\/><\/figure>\n\n\n\n<figure class=\"wp-block-image size-large\"><img loading=\"lazy\" width=\"1024\" height=\"768\" src=\"https:\/\/www.obispado-mdp.org.ar\/a\/wp-content\/uploads\/2024\/10\/32485d88-e3fb-4a87-a37e-2e337b877c8f-1024x768.jpeg\" alt=\"\" class=\"wp-image-44701\"\/><\/figure>\n","protected":false},"excerpt":{"rendered":"<p>El&nbsp;pasado&nbsp;jueves 10 de octubre, el reconocido soci\u00f3logo Agust\u00edn Salvia brind\u00f3 una charla en el aula Silvia&nbsp;Filler&nbsp;del Rectorado de la Universidad Nacional de Mar del Plata (UNMDP), en Diagonal Alberdi Sur 2695. Cont\u00f3 con la presencia del rector de la Universidad Nacional de Mar del Plata, Alfredo&nbsp;Lazzeretti, y el administrador apost\u00f3lico de la Di\u00f3cesis de Mar [&hellip;]<\/p>\n","protected":false},"author":4,"featured_media":0,"comment_status":"open","ping_status":"open","sticky":false,"template":"","format":"standard","meta":{"_et_pb_use_builder":"","_et_pb_old_content":"","_et_gb_content_width":""},"categories":[4],"tags":[],"aioseo_notices":[],"_links":{"self":[{"href":"https:\/\/www.obispado-mdp.org.ar\/a\/wp-json\/wp\/v2\/posts\/44698"}],"collection":[{"href":"https:\/\/www.obispado-mdp.org.ar\/a\/wp-json\/wp\/v2\/posts"}],"about":[{"href":"https:\/\/www.obispado-mdp.org.ar\/a\/wp-json\/wp\/v2\/types\/post"}],"author":[{"embeddable":true,"href":"https:\/\/www.obispado-mdp.org.ar\/a\/wp-json\/wp\/v2\/users\/4"}],"replies":[{"embeddable":true,"href":"https:\/\/www.obispado-mdp.org.ar\/a\/wp-json\/wp\/v2\/comments?post=44698"}],"version-history":[{"count":2,"href":"https:\/\/www.obispado-mdp.org.ar\/a\/wp-json\/wp\/v2\/posts\/44698\/revisions"}],"predecessor-version":[{"id":44712,"href":"https:\/\/www.obispado-mdp.org.ar\/a\/wp-json\/wp\/v2\/posts\/44698\/revisions\/44712"}],"wp:attachment":[{"href":"https:\/\/www.obispado-mdp.org.ar\/a\/wp-json\/wp\/v2\/media?parent=44698"}],"wp:term":[{"taxonomy":"category","embeddable":true,"href":"https:\/\/www.obispado-mdp.org.ar\/a\/wp-json\/wp\/v2\/categories?post=44698"},{"taxonomy":"post_tag","embeddable":true,"href":"https:\/\/www.obispado-mdp.org.ar\/a\/wp-json\/wp\/v2\/tags?post=44698"}],"curies":[{"name":"wp","href":"https:\/\/api.w.org\/{rel}","templated":true}]}}