{"id":44703,"date":"2024-10-14T09:28:53","date_gmt":"2024-10-14T12:28:53","guid":{"rendered":"https:\/\/www.obispado-mdp.org.ar\/a\/?p=44703"},"modified":"2024-10-14T09:28:55","modified_gmt":"2024-10-14T12:28:55","slug":"fiesta-de-nuestra-senora-del-pilar-en-napaleofu","status":"publish","type":"post","link":"https:\/\/www.obispado-mdp.org.ar\/a\/fiesta-de-nuestra-senora-del-pilar-en-napaleofu\/","title":{"rendered":"Fiesta de Nuestra Se\u00f1ora del Pilar en Napaleof\u00fa"},"content":{"rendered":"\n<p>El pasado s\u00e1bado 12 la localidad de Napaleof\u00fa, en el Partido de Lober\u00eda, celebr\u00f3 a su Patrona, la Virgen del Pilar, y recibi\u00f3 por primera vez al administrador apost\u00f3lico, monse\u00f1or Ernesto Giobando sj.<\/p>\n\n\n\n<p>Coincidentemente con la Fiesta Patronal, tambi\u00e9n algunos j\u00f3venes recibieron el sacramento de la Confirmaci\u00f3n. La Misa fue concelebrada por el p\u00e1rroco de Nuestra Se\u00f1ora del Carmen de Lober\u00eda, presb\u00edtero Julio Malla.<\/p>\n\n\n\n<p>La capilla de Napaleof\u00fa celebr\u00f3 adem\u00e1s un significativo aniversario ya que su piedra fundamental fue colocada y bendecida el 12 de octubre de 1983 por el entonces obispo de Mar del Plata, monse\u00f1or R\u00f3mulo Garc\u00eda y el presb\u00edtero Julio Melucci; finalmente el templo se inaugur\u00f3 un 12 de octubre, de 1985. <\/p>\n\n\n\n<p>La imagen de Nuestra Se\u00f1ora del Pilar fue tra\u00edda desde Zaragoza, Espa\u00f1a, por Lucio Garc\u00eda, un antiguo vecino de la localidad.<\/p>\n\n\n\n<p>Historia: <a href=\"https:\/\/napaleofuunsiglodehistoria.es.tl\/Nuestra-Se%F1ora-del-Pilar.htm\">Napaleofu,unsiglodehistoria &#8211; Nuestra Se\u00f1ora del Pilar<\/a><\/p>\n\n\n\n<figure class=\"wp-block-image size-large\"><img loading=\"lazy\" width=\"1024\" height=\"768\" src=\"https:\/\/www.obispado-mdp.org.ar\/a\/wp-content\/uploads\/2024\/10\/WhatsApp-Image-2024-10-12-at-8.52.46-PM-1024x768.jpeg\" alt=\"\" class=\"wp-image-44704\"\/><\/figure>\n\n\n\n<figure class=\"wp-block-image size-large\"><img loading=\"lazy\" width=\"1024\" height=\"768\" src=\"https:\/\/www.obispado-mdp.org.ar\/a\/wp-content\/uploads\/2024\/10\/WhatsApp-Image-2024-10-12-at-8.54.53-PM-1024x768.jpeg\" alt=\"\" class=\"wp-image-44705\"\/><\/figure>\n\n\n\n<figure class=\"wp-block-image size-large\"><img loading=\"lazy\" width=\"1024\" height=\"768\" src=\"https:\/\/www.obispado-mdp.org.ar\/a\/wp-content\/uploads\/2024\/10\/WhatsApp-Image-2024-10-12-at-8.55.23-PM-1024x768.jpeg\" alt=\"\" class=\"wp-image-44706\"\/><\/figure>\n\n\n\n<figure class=\"wp-block-image size-large\"><img loading=\"lazy\" width=\"1024\" height=\"768\" src=\"https:\/\/www.obispado-mdp.org.ar\/a\/wp-content\/uploads\/2024\/10\/WhatsApp-Image-2024-10-12-at-8.55.57-PM-1024x768.jpeg\" alt=\"\" class=\"wp-image-44708\"\/><\/figure>\n\n\n\n<figure class=\"wp-block-image size-large\"><img loading=\"lazy\" width=\"1024\" height=\"768\" src=\"https:\/\/www.obispado-mdp.org.ar\/a\/wp-content\/uploads\/2024\/10\/WhatsApp-Image-2024-10-12-at-8.53.46-PM-1024x768.jpeg\" alt=\"\" class=\"wp-image-44707\"\/><\/figure>\n\n\n\n<p><\/p>\n\n\n\n<figure class=\"wp-block-image size-large\"><img loading=\"lazy\" width=\"1024\" height=\"768\" src=\"https:\/\/www.obispado-mdp.org.ar\/a\/wp-content\/uploads\/2024\/10\/WhatsApp-Image-2024-10-12-at-8.54.24-PM-1024x768.jpeg\" alt=\"\" class=\"wp-image-44709\"\/><\/figure>\n","protected":false},"excerpt":{"rendered":"<p>El pasado s\u00e1bado 12 la localidad de Napaleof\u00fa, en el Partido de Lober\u00eda, celebr\u00f3 a su Patrona, la Virgen del Pilar, y recibi\u00f3 por primera vez al administrador apost\u00f3lico, monse\u00f1or Ernesto Giobando sj. Coincidentemente con la Fiesta Patronal, tambi\u00e9n algunos j\u00f3venes recibieron el sacramento de la Confirmaci\u00f3n. La Misa fue concelebrada por el p\u00e1rroco de [&hellip;]<\/p>\n","protected":false},"author":4,"featured_media":0,"comment_status":"open","ping_status":"open","sticky":false,"template":"","format":"standard","meta":{"_et_pb_use_builder":"","_et_pb_old_content":"","_et_gb_content_width":""},"categories":[4],"tags":[],"aioseo_notices":[],"_links":{"self":[{"href":"https:\/\/www.obispado-mdp.org.ar\/a\/wp-json\/wp\/v2\/posts\/44703"}],"collection":[{"href":"https:\/\/www.obispado-mdp.org.ar\/a\/wp-json\/wp\/v2\/posts"}],"about":[{"href":"https:\/\/www.obispado-mdp.org.ar\/a\/wp-json\/wp\/v2\/types\/post"}],"author":[{"embeddable":true,"href":"https:\/\/www.obispado-mdp.org.ar\/a\/wp-json\/wp\/v2\/users\/4"}],"replies":[{"embeddable":true,"href":"https:\/\/www.obispado-mdp.org.ar\/a\/wp-json\/wp\/v2\/comments?post=44703"}],"version-history":[{"count":1,"href":"https:\/\/www.obispado-mdp.org.ar\/a\/wp-json\/wp\/v2\/posts\/44703\/revisions"}],"predecessor-version":[{"id":44710,"href":"https:\/\/www.obispado-mdp.org.ar\/a\/wp-json\/wp\/v2\/posts\/44703\/revisions\/44710"}],"wp:attachment":[{"href":"https:\/\/www.obispado-mdp.org.ar\/a\/wp-json\/wp\/v2\/media?parent=44703"}],"wp:term":[{"taxonomy":"category","embeddable":true,"href":"https:\/\/www.obispado-mdp.org.ar\/a\/wp-json\/wp\/v2\/categories?post=44703"},{"taxonomy":"post_tag","embeddable":true,"href":"https:\/\/www.obispado-mdp.org.ar\/a\/wp-json\/wp\/v2\/tags?post=44703"}],"curies":[{"name":"wp","href":"https:\/\/api.w.org\/{rel}","templated":true}]}}