{"id":44713,"date":"2024-10-14T20:24:21","date_gmt":"2024-10-14T23:24:21","guid":{"rendered":"https:\/\/www.obispado-mdp.org.ar\/a\/?p=44713"},"modified":"2024-10-14T20:24:34","modified_gmt":"2024-10-14T23:24:34","slug":"sierra-de-los-padres-celebro-a-su-patrona-la-virgen-del-pilar","status":"publish","type":"post","link":"https:\/\/www.obispado-mdp.org.ar\/a\/sierra-de-los-padres-celebro-a-su-patrona-la-virgen-del-pilar\/","title":{"rendered":"Sierra de los Padres celebr\u00f3 a su Patrona, la Virgen del Pilar"},"content":{"rendered":"\n<p>El pasado domingo 13 la comunidad de la Parroquia Nuestra Se\u00f1ora del Pilar, de Sierra de los Padres, honr\u00f3 a su Patrona con una procesi\u00f3n y una Misa. El administrador apost\u00f3lico, monse\u00f1or Ernesto Giobando sj, se hizo presente y presidi\u00f3 la celebraci\u00f3n junto al p\u00e1rroco de la comunidad, presb\u00edtero Enrique Pio.<\/p>\n\n\n\n<p>El punto de partida fue en la sede de los Bomberos Voluntarios de Sierra de los Padres, desde donde sali\u00f3 la procesi\u00f3n encabezada por la imagen de la Virgen del Pilar y acompa\u00f1ada por gran n\u00famero de fieles. All\u00ed monse\u00f1or Giobando imparti\u00f3 la bendici\u00f3n y dirigi\u00f3 un breve mensaje. Seguidamente recorrieron distintos puntos de esa jurisdicci\u00f3n parroquial, hasta llegar al templo parroquial, donde tuvo lugar la Santa Misa.<\/p>\n\n\n\n<p>Al comenzar la celebraci\u00f3n, el Administrador Apost\u00f3lico expres\u00f3 su agradecimiento a Dios \u201cpor la obra evangelizadora de los primeros jesuitas en estas tierras, que trajeron la devoci\u00f3n a la Madre de Dios, que hoy honramos como Nuestra Se\u00f1ora del Pilar\u201d, y agreg\u00f3 que \u201cMar\u00eda est\u00e1 bien apoyada sobre el pilar que es su Hijo: as\u00ed la encuentra el ap\u00f3stol Santiago, sobre un pilar, y dio al pueblo espa\u00f1ol un car\u00e1cter indeleble que es el cari\u00f1oso amor a la Virgen, que los misioneros transmitieron a esta tierra.\u201d<\/p>\n\n\n\n<p>\u201cCon el correr del tiempo llegaron inmigrantes que traen estos genes que \u2018se activan\u2019 de un modo especial cada 12 de octubre, d\u00eda de la Virgen del Pilar y d\u00eda en que Crist\u00f3bal Col\u00f3n lleg\u00f3 a estas tierras de Am\u00e9rica, y junto con \u00e9l tambi\u00e9n la fe cristiana, que fue un dialogo con las culturas que estaban, un descubrir tambi\u00e9n los valores de estos pueblos, un compartir lo mejor que cada pueblo tiene\u201d, agreg\u00f3, y prosigui\u00f3 \u201cpor eso damos gracias por estos or\u00edgenes que hoy evocamos para seguir adelante en nuestra Patria que necesita di\u00e1logo y necesita encuentro.\u201d<\/p>\n\n\n\n<p>Finalmente comentando el Evangelio del d\u00eda, el Obispo explic\u00f3 que \u201csiempre hay algo de lo que nos cuesta desprendernos, sin detenernos pensando \u2018\u00bfa qui\u00e9n se lo doy?\u2019 o \u2018ya habr\u00e1 alguien que ayudar\u00e1\u2019. Jes\u00fas dice \u2018d\u00e1selo a los pobres\u2019, y en otro pasaje, en el Evangelio seg\u00fan San Mateo dice \u2018cada vez que diste de comer al m\u00e1s peque\u00f1o de mis hermanos a m\u00ed me lo hiciste.\u201d<\/p>\n\n\n\n<p>\u201cLa fe se juega cuando somos capaces de entregar lo que tenemos y lo que somos. Hay vocaciones particulares en la Iglesia en la cual algunas personas sienten un llamado especial que implica dejar todo, o utilizar las cosas en cuanto que sirven para el fin que es amar a Dios y evangelizar. Pero todos debemos tener el deseo de vivir la primera bienaventuranza: \u2018felices los pobres de coraz\u00f3n\u2019. \u00a1Es para todos, es imitar el coraz\u00f3n de Jes\u00fas\u201d, concluy\u00f3.<\/p>\n\n\n\n<p>A continuaci\u00f3n de la Misa, miembros de la Colectividad Aragonesa ofrecieron diversos n\u00fameros propios de su cultura, tanto de danza como de canto, dando un marco especial a la celebraci\u00f3n.<\/p>\n\n\n\n<figure class=\"wp-block-image size-large\"><img loading=\"lazy\" width=\"1024\" height=\"768\" src=\"https:\/\/www.obispado-mdp.org.ar\/a\/wp-content\/uploads\/2024\/10\/Para-nombramientos-WEB-1024x768.png\" alt=\"\" class=\"wp-image-44719\"\/><\/figure>\n\n\n\n<figure class=\"wp-block-image size-large\"><img loading=\"lazy\" width=\"1024\" height=\"768\" src=\"https:\/\/www.obispado-mdp.org.ar\/a\/wp-content\/uploads\/2024\/10\/WhatsApp-Image-2024-10-13-at-2.00.57-PM-1024x768.jpeg\" alt=\"\" class=\"wp-image-44715\"\/><\/figure>\n\n\n\n<figure class=\"wp-block-image size-large\"><img loading=\"lazy\" width=\"1024\" height=\"768\" src=\"https:\/\/www.obispado-mdp.org.ar\/a\/wp-content\/uploads\/2024\/10\/WhatsApp-Image-2024-10-13-at-2.01.03-PM-1024x768.jpeg\" alt=\"\" class=\"wp-image-44716\"\/><\/figure>\n\n\n\n<figure class=\"wp-block-image size-large\"><img loading=\"lazy\" width=\"1024\" height=\"768\" src=\"https:\/\/www.obispado-mdp.org.ar\/a\/wp-content\/uploads\/2024\/10\/WhatsApp-Image-2024-10-13-at-2.01.00-PM-1024x768.jpeg\" alt=\"\" class=\"wp-image-44720\"\/><\/figure>\n\n\n\n<figure class=\"wp-block-image size-large\"><img loading=\"lazy\" width=\"1024\" height=\"768\" src=\"https:\/\/www.obispado-mdp.org.ar\/a\/wp-content\/uploads\/2024\/10\/WhatsApp-Image-2024-10-13-at-2.00.59-PM-1024x768.jpeg\" alt=\"\" class=\"wp-image-44721\"\/><\/figure>\n\n\n\n<figure class=\"wp-block-image size-large\"><img loading=\"lazy\" width=\"1024\" height=\"768\" src=\"https:\/\/www.obispado-mdp.org.ar\/a\/wp-content\/uploads\/2024\/10\/WhatsApp-Image-2024-10-13-at-2.01.07-PM-1024x768.jpeg\" alt=\"\" class=\"wp-image-44722\"\/><\/figure>\n","protected":false},"excerpt":{"rendered":"<p>El pasado domingo 13 la comunidad de la Parroquia Nuestra Se\u00f1ora del Pilar, de Sierra de los Padres, honr\u00f3 a su Patrona con una procesi\u00f3n y una Misa. El administrador apost\u00f3lico, monse\u00f1or Ernesto Giobando sj, se hizo presente y presidi\u00f3 la celebraci\u00f3n junto al p\u00e1rroco de la comunidad, presb\u00edtero Enrique Pio. El punto de partida [&hellip;]<\/p>\n","protected":false},"author":4,"featured_media":0,"comment_status":"open","ping_status":"open","sticky":false,"template":"","format":"standard","meta":{"_et_pb_use_builder":"","_et_pb_old_content":"","_et_gb_content_width":""},"categories":[4],"tags":[],"aioseo_notices":[],"_links":{"self":[{"href":"https:\/\/www.obispado-mdp.org.ar\/a\/wp-json\/wp\/v2\/posts\/44713"}],"collection":[{"href":"https:\/\/www.obispado-mdp.org.ar\/a\/wp-json\/wp\/v2\/posts"}],"about":[{"href":"https:\/\/www.obispado-mdp.org.ar\/a\/wp-json\/wp\/v2\/types\/post"}],"author":[{"embeddable":true,"href":"https:\/\/www.obispado-mdp.org.ar\/a\/wp-json\/wp\/v2\/users\/4"}],"replies":[{"embeddable":true,"href":"https:\/\/www.obispado-mdp.org.ar\/a\/wp-json\/wp\/v2\/comments?post=44713"}],"version-history":[{"count":2,"href":"https:\/\/www.obispado-mdp.org.ar\/a\/wp-json\/wp\/v2\/posts\/44713\/revisions"}],"predecessor-version":[{"id":44723,"href":"https:\/\/www.obispado-mdp.org.ar\/a\/wp-json\/wp\/v2\/posts\/44713\/revisions\/44723"}],"wp:attachment":[{"href":"https:\/\/www.obispado-mdp.org.ar\/a\/wp-json\/wp\/v2\/media?parent=44713"}],"wp:term":[{"taxonomy":"category","embeddable":true,"href":"https:\/\/www.obispado-mdp.org.ar\/a\/wp-json\/wp\/v2\/categories?post=44713"},{"taxonomy":"post_tag","embeddable":true,"href":"https:\/\/www.obispado-mdp.org.ar\/a\/wp-json\/wp\/v2\/tags?post=44713"}],"curies":[{"name":"wp","href":"https:\/\/api.w.org\/{rel}","templated":true}]}}