{"id":44725,"date":"2024-10-17T12:06:27","date_gmt":"2024-10-17T15:06:27","guid":{"rendered":"https:\/\/www.obispado-mdp.org.ar\/a\/?p=44725"},"modified":"2024-10-17T12:06:29","modified_gmt":"2024-10-17T15:06:29","slug":"se-realizo-la-2da-expo-esi-de-escuelas-catolicas-de-la-diocesis","status":"publish","type":"post","link":"https:\/\/www.obispado-mdp.org.ar\/a\/se-realizo-la-2da-expo-esi-de-escuelas-catolicas-de-la-diocesis\/","title":{"rendered":"Se realiz\u00f3 la 2da. \u201cExpo ESI\u201d de escuelas cat\u00f3licas de la di\u00f3cesis"},"content":{"rendered":"\n<p>Cientos de alumnos de 14 escuelas cat\u00f3licas tanto del Obispado como de las distintas Congregaciones participaron con sus stands este mi\u00e9rcoles 16 de la segunda edici\u00f3n de la \u201cExpo ESI diocesana\u201d en la que los estudiantes compartieron lo trabajado durante la \u201csemana ESI\u201d establecida en el calendario escolar de la provincia de Buenos Aires. La misma tuvo lugar en instalaciones del Colegio Nuestra Se\u00f1ora del Carmen, ubicado en Alem entre Quintana y Matheu.<\/p>\n\n\n\n<p>El acto de apertura cont\u00f3 con la presencia del administrador apost\u00f3lico de la di\u00f3cesis, monse\u00f1or Ernesto Giobando; de autoridades de la Junta Regional de Educaci\u00f3n Cat\u00f3lica (JuREC), encabezadas por su presidente, Javier Sanchez y por el delegado episcopal de Educaci\u00f3n, Pbro. Juan Cruz Mennilli; y del secretario de Educaci\u00f3n de la Municipalidad, Fernando Rizzi.<\/p>\n\n\n\n<p>Cabe destacar que en todas las escuelas se realizaron previamente exposiciones en las que todos cursos pudieron mostrar sus trabajos, mientras que en esta oportunidad enviaron algunos en representaci\u00f3n. En total se armaron 33 stands entre los niveles inicial, primario y secundario, que abordaban temas tales como el uso y abuso de pantallas y su impacto en las personas, el flagelo de la erotizaci\u00f3n de las infancias, las apuestas en l\u00ednea, las adicciones, el sharenting, el maltrato infantil, entre otros.<\/p>\n\n\n\n<p>Meses atr\u00e1s la JuREC hab\u00eda organizado una jornada de capacitaci\u00f3n con los docentes que son referentes de ESI en cada una de las escuelas, la cual fue llevada adelante por dos pediatras que abordaron las consecuencias del uso actual de los distintos dispositivos electr\u00f3nicos y su impacto en el cerebro y las emociones de las personas, particularmente de los ni\u00f1os. Josefina Rodriguez, una de las profesionales, pudo estar presente en la muestra y destac\u00f3 el trabajo de los ni\u00f1os y adolescentes que se hicieron eco a trav\u00e9s de los distintos trabajos.<\/p>\n\n\n\n<p>La coordinadora del \u00c1rea de ESI, dependiente del Departamento de Gesti\u00f3n Institucional de la JuREC, Gabriela Tumini, destac\u00f3 que \u201chaber logrado este nivel de profundidad y de compromiso de los alumnos se debe a un trabajo en equipo, no s\u00f3lo desde la JuREC sino desde los docentes y sobre todo los alumnos que se comprometieron e hicieron posible esta exposici\u00f3n\u201d y explic\u00f3 que \u201cel camino se viene recorriendo desde hace tiempo, e incluso se profundiz\u00f3 durante la pandemia en la que hubo distintos encuentros virtuales que permitieron contar hoy con un Ideario de ESI que fue el fruto del trabajo y la reflexi\u00f3n de los distintos miembros de las comunidades educativas y que refleja el di\u00e1logo entre el Evangelio y el magisterio con las realidades actuales.\u201d<\/p>\n\n\n\n<figure class=\"wp-block-image size-large\"><img loading=\"lazy\" width=\"1024\" height=\"768\" src=\"https:\/\/www.obispado-mdp.org.ar\/a\/wp-content\/uploads\/2024\/10\/Para-nombramientos-WEB-1-1024x768.png\" alt=\"\" class=\"wp-image-44726\"\/><\/figure>\n\n\n\n<figure class=\"wp-block-image size-large\"><img loading=\"lazy\" width=\"1024\" height=\"768\" src=\"https:\/\/www.obispado-mdp.org.ar\/a\/wp-content\/uploads\/2024\/10\/WhatsApp-Image-2024-10-17-at-10.51.35-AM-1024x768.jpeg\" alt=\"\" class=\"wp-image-44727\"\/><\/figure>\n\n\n\n<figure class=\"wp-block-image size-large\"><img loading=\"lazy\" width=\"1024\" height=\"768\" src=\"https:\/\/www.obispado-mdp.org.ar\/a\/wp-content\/uploads\/2024\/10\/WhatsApp-Image-2024-10-17-at-10.51.35-AM-1-1024x768.jpeg\" alt=\"\" class=\"wp-image-44728\"\/><\/figure>\n\n\n\n<figure class=\"wp-block-image size-large is-resized\"><img loading=\"lazy\" src=\"https:\/\/www.obispado-mdp.org.ar\/a\/wp-content\/uploads\/2024\/10\/WhatsApp-Image-2024-10-17-at-10.51.37-AM-768x1024.jpeg\" alt=\"\" class=\"wp-image-44729\" width=\"821\" height=\"1095\"\/><\/figure>\n","protected":false},"excerpt":{"rendered":"<p>Cientos de alumnos de 14 escuelas cat\u00f3licas tanto del Obispado como de las distintas Congregaciones participaron con sus stands este mi\u00e9rcoles 16 de la segunda edici\u00f3n de la \u201cExpo ESI diocesana\u201d en la que los estudiantes compartieron lo trabajado durante la \u201csemana ESI\u201d establecida en el calendario escolar de la provincia de Buenos Aires. La [&hellip;]<\/p>\n","protected":false},"author":4,"featured_media":0,"comment_status":"open","ping_status":"open","sticky":false,"template":"","format":"standard","meta":{"_et_pb_use_builder":"","_et_pb_old_content":"","_et_gb_content_width":""},"categories":[4],"tags":[],"aioseo_notices":[],"_links":{"self":[{"href":"https:\/\/www.obispado-mdp.org.ar\/a\/wp-json\/wp\/v2\/posts\/44725"}],"collection":[{"href":"https:\/\/www.obispado-mdp.org.ar\/a\/wp-json\/wp\/v2\/posts"}],"about":[{"href":"https:\/\/www.obispado-mdp.org.ar\/a\/wp-json\/wp\/v2\/types\/post"}],"author":[{"embeddable":true,"href":"https:\/\/www.obispado-mdp.org.ar\/a\/wp-json\/wp\/v2\/users\/4"}],"replies":[{"embeddable":true,"href":"https:\/\/www.obispado-mdp.org.ar\/a\/wp-json\/wp\/v2\/comments?post=44725"}],"version-history":[{"count":1,"href":"https:\/\/www.obispado-mdp.org.ar\/a\/wp-json\/wp\/v2\/posts\/44725\/revisions"}],"predecessor-version":[{"id":44730,"href":"https:\/\/www.obispado-mdp.org.ar\/a\/wp-json\/wp\/v2\/posts\/44725\/revisions\/44730"}],"wp:attachment":[{"href":"https:\/\/www.obispado-mdp.org.ar\/a\/wp-json\/wp\/v2\/media?parent=44725"}],"wp:term":[{"taxonomy":"category","embeddable":true,"href":"https:\/\/www.obispado-mdp.org.ar\/a\/wp-json\/wp\/v2\/categories?post=44725"},{"taxonomy":"post_tag","embeddable":true,"href":"https:\/\/www.obispado-mdp.org.ar\/a\/wp-json\/wp\/v2\/tags?post=44725"}],"curies":[{"name":"wp","href":"https:\/\/api.w.org\/{rel}","templated":true}]}}