{"id":44731,"date":"2024-10-18T22:20:28","date_gmt":"2024-10-19T01:20:28","guid":{"rendered":"https:\/\/www.obispado-mdp.org.ar\/a\/?p=44731"},"modified":"2024-10-18T22:20:29","modified_gmt":"2024-10-19T01:20:29","slug":"concluyo-el-retiro-del-clero-en-la-casa-diocesana-de-retiros","status":"publish","type":"post","link":"https:\/\/www.obispado-mdp.org.ar\/a\/concluyo-el-retiro-del-clero-en-la-casa-diocesana-de-retiros\/","title":{"rendered":"Concluy\u00f3 el retiro del clero en la Casa Diocesana de Retiros"},"content":{"rendered":"\n<p>Desde el lunes 14 y hasta este viernes 18 tuvo lugar en la Casa de Ejercicios Espirituales \u201cSanta Clara y San Francisco\u201d, el retiro del clero de la di\u00f3cesis de Mar del Plata.<\/p>\n\n\n\n<p>El predicador del retiro fue fray Javier Pose OP, quien ofreci\u00f3 dos meditaciones diarias en torno al Benedictus, el c\u00e1ntico recitado por Zacar\u00edas que se encuentra en el primer cap\u00edtulo del Evangelio seg\u00fan San Lucas. El eje tem\u00e1tico propuesto fue \u201canunciar la salvaci\u00f3n\u201d.<\/p>\n\n\n\n<p>El administrador apost\u00f3lico, monse\u00f1or Ernesto Giobando, tambi\u00e9n particip\u00f3 de los ejercicios y al promediar los mismos agradeci\u00f3 en nombre de los sacerdotes asistentes por \u201clas profundas reflexiones de fray Javier y por la alegr\u00eda sacerdotal compartida durante estos d\u00edas.\u201d<\/p>\n\n\n\n<figure class=\"wp-block-image size-large\"><img loading=\"lazy\" width=\"1024\" height=\"473\" src=\"https:\/\/www.obispado-mdp.org.ar\/a\/wp-content\/uploads\/2024\/10\/WhatsApp-Image-2024-10-18-at-3.40.18-PM-1024x473.jpeg\" alt=\"\" class=\"wp-image-44732\"\/><\/figure>\n\n\n\n<figure class=\"wp-block-image size-large\"><img loading=\"lazy\" width=\"1024\" height=\"768\" src=\"https:\/\/www.obispado-mdp.org.ar\/a\/wp-content\/uploads\/2024\/10\/WhatsApp-Image-2024-10-18-at-3.40.57-PM-1024x768.jpeg\" alt=\"\" class=\"wp-image-44734\"\/><\/figure>\n\n\n\n<figure class=\"wp-block-image size-large is-resized\"><img loading=\"lazy\" src=\"https:\/\/www.obispado-mdp.org.ar\/a\/wp-content\/uploads\/2024\/10\/WhatsApp-Image-2024-10-18-at-3.40.58-PM-768x1024.jpeg\" alt=\"\" class=\"wp-image-44733\" width=\"819\" height=\"1092\"\/><\/figure>\n\n\n\n<figure class=\"wp-block-image size-large\"><img loading=\"lazy\" width=\"1024\" height=\"768\" src=\"https:\/\/www.obispado-mdp.org.ar\/a\/wp-content\/uploads\/2024\/10\/WhatsApp-Image-2024-10-18-at-3.40.58-PM-1-1024x768.jpeg\" alt=\"\" class=\"wp-image-44735\"\/><\/figure>\n","protected":false},"excerpt":{"rendered":"<p>Desde el lunes 14 y hasta este viernes 18 tuvo lugar en la Casa de Ejercicios Espirituales \u201cSanta Clara y San Francisco\u201d, el retiro del clero de la di\u00f3cesis de Mar del Plata. El predicador del retiro fue fray Javier Pose OP, quien ofreci\u00f3 dos meditaciones diarias en torno al Benedictus, el c\u00e1ntico recitado por [&hellip;]<\/p>\n","protected":false},"author":4,"featured_media":0,"comment_status":"open","ping_status":"open","sticky":false,"template":"","format":"standard","meta":{"_et_pb_use_builder":"","_et_pb_old_content":"","_et_gb_content_width":""},"categories":[4],"tags":[],"aioseo_notices":[],"_links":{"self":[{"href":"https:\/\/www.obispado-mdp.org.ar\/a\/wp-json\/wp\/v2\/posts\/44731"}],"collection":[{"href":"https:\/\/www.obispado-mdp.org.ar\/a\/wp-json\/wp\/v2\/posts"}],"about":[{"href":"https:\/\/www.obispado-mdp.org.ar\/a\/wp-json\/wp\/v2\/types\/post"}],"author":[{"embeddable":true,"href":"https:\/\/www.obispado-mdp.org.ar\/a\/wp-json\/wp\/v2\/users\/4"}],"replies":[{"embeddable":true,"href":"https:\/\/www.obispado-mdp.org.ar\/a\/wp-json\/wp\/v2\/comments?post=44731"}],"version-history":[{"count":1,"href":"https:\/\/www.obispado-mdp.org.ar\/a\/wp-json\/wp\/v2\/posts\/44731\/revisions"}],"predecessor-version":[{"id":44736,"href":"https:\/\/www.obispado-mdp.org.ar\/a\/wp-json\/wp\/v2\/posts\/44731\/revisions\/44736"}],"wp:attachment":[{"href":"https:\/\/www.obispado-mdp.org.ar\/a\/wp-json\/wp\/v2\/media?parent=44731"}],"wp:term":[{"taxonomy":"category","embeddable":true,"href":"https:\/\/www.obispado-mdp.org.ar\/a\/wp-json\/wp\/v2\/categories?post=44731"},{"taxonomy":"post_tag","embeddable":true,"href":"https:\/\/www.obispado-mdp.org.ar\/a\/wp-json\/wp\/v2\/tags?post=44731"}],"curies":[{"name":"wp","href":"https:\/\/api.w.org\/{rel}","templated":true}]}}