{"id":44737,"date":"2024-10-20T21:32:04","date_gmt":"2024-10-21T00:32:04","guid":{"rendered":"https:\/\/www.obispado-mdp.org.ar\/a\/?p=44737"},"modified":"2024-10-20T21:32:05","modified_gmt":"2024-10-21T00:32:05","slug":"fiesta-de-san-antonio-maria-gianelli-en-el-instituto-santa-cecilia","status":"publish","type":"post","link":"https:\/\/www.obispado-mdp.org.ar\/a\/fiesta-de-san-antonio-maria-gianelli-en-el-instituto-santa-cecilia\/","title":{"rendered":"Fiesta de San Antonio Mar\u00eda Gianelli en el Instituto Santa Cecilia"},"content":{"rendered":"\n<p><\/p>\n\n\n\n<p>La comunidad de las Hijas de Mar\u00eda Sant\u00edsima del Huerto celebr\u00f3 junto a la comunidad educativa del Instituto Santa Cecilia al fundador de su congregaci\u00f3n, San Antonio Mar\u00eda Gianelli. Fue este 18 de octubre por la tarde en el marco de la Misa que presidi\u00f3 el administrador apost\u00f3lico, monse\u00f1or Ernesto Giobando sj. y concelebr\u00f3 el capell\u00e1n de la escuela, presb\u00edtero Juan Pablo Arrachea.<\/p>\n\n\n\n<p>Estuvieron presentes las familias de 2\u00b0 grados, alumnos, padres y diferentes de las 3\u00b0 Secciones del Nivel Inicial.<\/p>\n\n\n\n<p>El lema \u201cCaminando juntos, con coraz\u00f3n orante y gianellino\u201d inspir\u00f3 la jornada llena de alegr\u00eda creyente y marcada por la efusiva participaci\u00f3n de los ni\u00f1os.<\/p>\n\n\n\n<figure class=\"wp-block-image size-large\"><img loading=\"lazy\" width=\"1024\" height=\"576\" src=\"https:\/\/www.obispado-mdp.org.ar\/a\/wp-content\/uploads\/2024\/10\/WhatsApp-Image-2024-10-19-at-6.59.22-PM-2-1024x576.jpeg\" alt=\"\" class=\"wp-image-44738\"\/><\/figure>\n\n\n\n<figure class=\"wp-block-image size-large\"><img loading=\"lazy\" width=\"1024\" height=\"915\" src=\"https:\/\/www.obispado-mdp.org.ar\/a\/wp-content\/uploads\/2024\/10\/WhatsApp-Image-2024-10-19-at-6.59.22-PM-1024x915.jpeg\" alt=\"\" class=\"wp-image-44739\"\/><\/figure>\n\n\n\n<figure class=\"wp-block-image size-large is-resized\"><img loading=\"lazy\" src=\"https:\/\/www.obispado-mdp.org.ar\/a\/wp-content\/uploads\/2024\/10\/WhatsApp-Image-2024-10-19-at-6.59.21-PM-460x1024.jpeg\" alt=\"\" class=\"wp-image-44740\" width=\"826\" height=\"1839\"\/><\/figure>\n","protected":false},"excerpt":{"rendered":"<p>La comunidad de las Hijas de Mar\u00eda Sant\u00edsima del Huerto celebr\u00f3 junto a la comunidad educativa del Instituto Santa Cecilia al fundador de su congregaci\u00f3n, San Antonio Mar\u00eda Gianelli. Fue este 18 de octubre por la tarde en el marco de la Misa que presidi\u00f3 el administrador apost\u00f3lico, monse\u00f1or Ernesto Giobando sj. y concelebr\u00f3 el [&hellip;]<\/p>\n","protected":false},"author":4,"featured_media":0,"comment_status":"open","ping_status":"open","sticky":false,"template":"","format":"standard","meta":{"_et_pb_use_builder":"","_et_pb_old_content":"","_et_gb_content_width":""},"categories":[4],"tags":[],"aioseo_notices":[],"_links":{"self":[{"href":"https:\/\/www.obispado-mdp.org.ar\/a\/wp-json\/wp\/v2\/posts\/44737"}],"collection":[{"href":"https:\/\/www.obispado-mdp.org.ar\/a\/wp-json\/wp\/v2\/posts"}],"about":[{"href":"https:\/\/www.obispado-mdp.org.ar\/a\/wp-json\/wp\/v2\/types\/post"}],"author":[{"embeddable":true,"href":"https:\/\/www.obispado-mdp.org.ar\/a\/wp-json\/wp\/v2\/users\/4"}],"replies":[{"embeddable":true,"href":"https:\/\/www.obispado-mdp.org.ar\/a\/wp-json\/wp\/v2\/comments?post=44737"}],"version-history":[{"count":1,"href":"https:\/\/www.obispado-mdp.org.ar\/a\/wp-json\/wp\/v2\/posts\/44737\/revisions"}],"predecessor-version":[{"id":44741,"href":"https:\/\/www.obispado-mdp.org.ar\/a\/wp-json\/wp\/v2\/posts\/44737\/revisions\/44741"}],"wp:attachment":[{"href":"https:\/\/www.obispado-mdp.org.ar\/a\/wp-json\/wp\/v2\/media?parent=44737"}],"wp:term":[{"taxonomy":"category","embeddable":true,"href":"https:\/\/www.obispado-mdp.org.ar\/a\/wp-json\/wp\/v2\/categories?post=44737"},{"taxonomy":"post_tag","embeddable":true,"href":"https:\/\/www.obispado-mdp.org.ar\/a\/wp-json\/wp\/v2\/tags?post=44737"}],"curies":[{"name":"wp","href":"https:\/\/api.w.org\/{rel}","templated":true}]}}