{"id":44751,"date":"2024-10-22T12:57:38","date_gmt":"2024-10-22T15:57:38","guid":{"rendered":"https:\/\/www.obispado-mdp.org.ar\/a\/?p=44751"},"modified":"2024-12-08T11:57:14","modified_gmt":"2024-12-08T14:57:14","slug":"encuentro-interreligioso-por-la-paz-2","status":"publish","type":"post","link":"https:\/\/www.obispado-mdp.org.ar\/a\/encuentro-interreligioso-por-la-paz-2\/","title":{"rendered":"Encuentro Interreligioso por la paz"},"content":{"rendered":"[et_pb_section admin_label=\u00bbsection\u00bb]\n\t\t\t[et_pb_row admin_label=\u00bbrow\u00bb]\n\t\t\t\t[et_pb_column type=\u00bb4_4&#8243;][et_pb_text admin_label=\u00bbText\u00bb]\n<p>Referentes de distintas confesiones religiosas se reunieron este lunes 21 en la sede de la Sociedad Uni\u00f3n Israelita Marplatense para elevar una oraci\u00f3n interreligiosa por la paz.<\/p>\n\n\n\n<p>Por parte de la di\u00f3cesis de Mar del Plata estuvieron presentes monse\u00f1or Ernesto Giobando e integrantes de la Comisi\u00f3n de Ecumenismo y Di\u00e1logo Interreligioso.<\/p>\n\n\n\n<p>Durante su mensaje el Administrador Apost\u00f3lico cit\u00f3 un pasaje del libro de Miqueas y elev\u00f3 su plegaria para que \u201cno nos adiestremos m\u00e1s para la guerra sino para la paz\u201d, a la vez que explic\u00f3 que \u201cesto que pedimos para quienes hoy sufren el flagelo de la guerra y para los poderosos que tienen en sus manos los destinos de las naciones tambi\u00e9n lo pedimos para todos, llamados a construir la paz en lo cotidiano, tambi\u00e9n incluso en el uso de las redes sociales, donde estamos llamados a ser mensajeros de paz, a no sembrar la divisi\u00f3n.\u201d<\/p>\n\n\n\n<p>Luego de la reflexi\u00f3n y la oraci\u00f3n de los representantes de los distintos credos, todos juntos unidos en un abrazo elevaron la oraci\u00f3n final pidiendo a Dios el don de la paz.<\/p>\n\n\n\n<figure class=\"wp-block-image size-large\"><img loading=\"lazy\" width=\"1024\" height=\"768\" src=\"https:\/\/www.obispado-mdp.org.ar\/a\/wp-content\/uploads\/2024\/10\/WhatsApp-Image-2024-10-22-at-11.40.22-AM-1-1024x768.jpeg\" alt=\"\" class=\"wp-image-44752\"\/><\/figure>\n\n\n\n<figure class=\"wp-block-image size-large\"><img loading=\"lazy\" width=\"1024\" height=\"768\" src=\"https:\/\/www.obispado-mdp.org.ar\/a\/wp-content\/uploads\/2024\/10\/WhatsApp-Image-2024-10-22-at-11.40.21-AM-1-1024x768.jpeg\" alt=\"\" class=\"wp-image-44753\"\/><\/figure>\n\n\n\n<figure class=\"wp-block-image size-large\"><img loading=\"lazy\" width=\"1024\" height=\"768\" src=\"https:\/\/www.obispado-mdp.org.ar\/a\/wp-content\/uploads\/2024\/10\/WhatsApp-Image-2024-10-22-at-11.40.20-AM-1024x768.jpeg\" alt=\"\" class=\"wp-image-44754\"\/><\/figure>\n[\/et_pb_text][\/et_pb_column]\n\t\t\t[\/et_pb_row]\n\t\t[\/et_pb_section]","protected":false},"excerpt":{"rendered":"<p>[et_pb_section admin_label=\u00bbsection\u00bb] [et_pb_row admin_label=\u00bbrow\u00bb] [et_pb_column type=\u00bb4_4&#8243;][et_pb_text admin_label=\u00bbText\u00bb] Referentes de distintas confesiones religiosas se reunieron este lunes 21 en la sede de la Sociedad Uni\u00f3n Israelita Marplatense para elevar una oraci\u00f3n interreligiosa por la paz. Por parte de la di\u00f3cesis de Mar del Plata estuvieron presentes monse\u00f1or Ernesto Giobando e integrantes de la Comisi\u00f3n de Ecumenismo [&hellip;]<\/p>\n","protected":false},"author":4,"featured_media":0,"comment_status":"open","ping_status":"open","sticky":false,"template":"","format":"standard","meta":{"_et_pb_use_builder":"on","_et_pb_old_content":"<!-- wp:paragraph -->\n<p>Referentes de distintas confesiones religiosas se reunieron este lunes 21 en la sede de la Sociedad Uni\u00f3n Israelita Marplatense para elevar una oraci\u00f3n interreligiosa por la paz.<\/p>\n<!-- \/wp:paragraph -->\n\n<!-- wp:paragraph -->\n<p>Por parte de la di\u00f3cesis de Mar del Plata estuvieron presentes monse\u00f1or Ernesto Giobando e integrantes de la Comisi\u00f3n de Ecumenismo y Di\u00e1logo Interreligioso.<\/p>\n<!-- \/wp:paragraph -->\n\n<!-- wp:paragraph -->\n<p>Durante su mensaje el Administrador Apost\u00f3lico cit\u00f3 un pasaje del libro de Miqueas y elev\u00f3 su plegaria para que \u201cno nos adiestremos m\u00e1s para la guerra sino para la paz\u201d, a la vez que explic\u00f3 que \u201cesto que pedimos para quienes hoy sufren el flagelo de la guerra y para los poderosos que tienen en sus manos los destinos de las naciones tambi\u00e9n lo pedimos para todos, llamados a construir la paz en lo cotidiano, tambi\u00e9n incluso en el uso de las redes sociales, donde estamos llamados a ser mensajeros de paz, a no sembrar la divisi\u00f3n.\u201d<\/p>\n<!-- \/wp:paragraph -->\n\n<!-- wp:paragraph -->\n<p>Luego de la reflexi\u00f3n y la oraci\u00f3n de los representantes de los distintos credos, todos juntos unidos en un abrazo elevaron la oraci\u00f3n final pidiendo a Dios el don de la paz.<\/p>\n<!-- \/wp:paragraph -->\n\n<!-- wp:image {\"id\":44752,\"sizeSlug\":\"large\",\"linkDestination\":\"none\"} -->\n<figure class=\"wp-block-image size-large\"><img src=\"https:\/\/www.obispado-mdp.org.ar\/a\/wp-content\/uploads\/2024\/10\/WhatsApp-Image-2024-10-22-at-11.40.22-AM-1-1024x768.jpeg\" alt=\"\" class=\"wp-image-44752\"\/><\/figure>\n<!-- \/wp:image -->\n\n<!-- wp:image {\"id\":44753,\"sizeSlug\":\"large\",\"linkDestination\":\"none\"} -->\n<figure class=\"wp-block-image size-large\"><img src=\"https:\/\/www.obispado-mdp.org.ar\/a\/wp-content\/uploads\/2024\/10\/WhatsApp-Image-2024-10-22-at-11.40.21-AM-1-1024x768.jpeg\" alt=\"\" class=\"wp-image-44753\"\/><\/figure>\n<!-- \/wp:image -->\n\n<!-- wp:image {\"id\":44754,\"sizeSlug\":\"large\",\"linkDestination\":\"none\"} -->\n<figure class=\"wp-block-image size-large\"><img src=\"https:\/\/www.obispado-mdp.org.ar\/a\/wp-content\/uploads\/2024\/10\/WhatsApp-Image-2024-10-22-at-11.40.20-AM-1024x768.jpeg\" alt=\"\" class=\"wp-image-44754\"\/><\/figure>\n<!-- \/wp:image -->","_et_gb_content_width":""},"categories":[4],"tags":[],"aioseo_notices":[],"_links":{"self":[{"href":"https:\/\/www.obispado-mdp.org.ar\/a\/wp-json\/wp\/v2\/posts\/44751"}],"collection":[{"href":"https:\/\/www.obispado-mdp.org.ar\/a\/wp-json\/wp\/v2\/posts"}],"about":[{"href":"https:\/\/www.obispado-mdp.org.ar\/a\/wp-json\/wp\/v2\/types\/post"}],"author":[{"embeddable":true,"href":"https:\/\/www.obispado-mdp.org.ar\/a\/wp-json\/wp\/v2\/users\/4"}],"replies":[{"embeddable":true,"href":"https:\/\/www.obispado-mdp.org.ar\/a\/wp-json\/wp\/v2\/comments?post=44751"}],"version-history":[{"count":2,"href":"https:\/\/www.obispado-mdp.org.ar\/a\/wp-json\/wp\/v2\/posts\/44751\/revisions"}],"predecessor-version":[{"id":44929,"href":"https:\/\/www.obispado-mdp.org.ar\/a\/wp-json\/wp\/v2\/posts\/44751\/revisions\/44929"}],"wp:attachment":[{"href":"https:\/\/www.obispado-mdp.org.ar\/a\/wp-json\/wp\/v2\/media?parent=44751"}],"wp:term":[{"taxonomy":"category","embeddable":true,"href":"https:\/\/www.obispado-mdp.org.ar\/a\/wp-json\/wp\/v2\/categories?post=44751"},{"taxonomy":"post_tag","embeddable":true,"href":"https:\/\/www.obispado-mdp.org.ar\/a\/wp-json\/wp\/v2\/tags?post=44751"}],"curies":[{"name":"wp","href":"https:\/\/api.w.org\/{rel}","templated":true}]}}