{"id":44757,"date":"2024-10-24T15:05:09","date_gmt":"2024-10-24T18:05:09","guid":{"rendered":"https:\/\/www.obispado-mdp.org.ar\/a\/?p=44757"},"modified":"2024-10-24T15:05:10","modified_gmt":"2024-10-24T18:05:10","slug":"se-llevo-adelante-la-jornada-diocesana-de-liturgia","status":"publish","type":"post","link":"https:\/\/www.obispado-mdp.org.ar\/a\/se-llevo-adelante-la-jornada-diocesana-de-liturgia\/","title":{"rendered":"Se llev\u00f3 adelante la Jornada Diocesana de Liturgia"},"content":{"rendered":"\n<p>Bajo el lema \u201cSe\u00f1or ens\u00e9\u00f1anos a orar: el templo como lugar de oraci\u00f3n\u201d se llev\u00f3 a cabo el pasado s\u00e1bado 19 de octubre en instalaciones de la Escuela Universitaria de Teolog\u00eda, la Jornada Diocesana de Liturgia.<\/p>\n\n\n\n<p>Cerca de treinta agentes de pastoral lit\u00fargica de distintas comunidades parroquiales participaron de las charlas y compartieron los momentos de oraci\u00f3n propuestos por la Comisi\u00f3n Diocesana de Liturgia, que tuvo a cargo la organizaci\u00f3n de la Jornada.<\/p>\n\n\n\n<p>El encuentro comenz\u00f3 con un momento de oraci\u00f3n en el que se cant\u00f3 el himno del A\u00f1o de la Oraci\u00f3n. Seguidamente, en el Bloque 1 -Presentaci\u00f3n- se introdujo a los presentes a trav\u00e9s de un texto del Santo Padre Francisco, al sentido del a\u00f1o de la oraci\u00f3n y el jubileo, lo que estuvo a cargo del padre Juan Pablo Arrachea.<\/p>\n\n\n\n<p>El tema central del encuentro, \u201cel templo como lugar de oraci\u00f3n\u201d, se comenz\u00f3 a exponer enumerando lo indicado por el Catecismo de la Iglesia en el punto \u201cD\u00f3nde se celebra\u201d y haciendo un recorrido hist\u00f3rico sobre los distintos espacios de oraci\u00f3n, y una especial evocacion del templo de Jerusal\u00e9n en sus grandes etapas hist\u00f3ricas, de la mano de la explicaci\u00f3n de Cecilia Otegui. Esto dio a lugar a la exposici\u00f3n del segundo Bloque -Arquitectura- que estuvo a cargo de la arquitecta Anal\u00eda Ben\u00edtez, quien desarroll\u00f3 \u201cEl templo como espacio arquitect\u00f3nico para la liturgia y la oraci\u00f3n.\u201d<\/p>\n\n\n\n<p>Por su parte el padre Ariel Sueiro desarroll\u00f3 el tercer Bloque \u201cactitudes en el templo\u201d, en el que abord\u00f3 aspectos vinculados al cuidado de los templos y lugares de oraci\u00f3n y expuso las disposiciones de los fieles en los lugares sagrados.<\/p>\n\n\n\n<p>Cada bloque estuvo separado por una breve pausa orante, en la que se cantaron salmos alusivos comentados primeramente por Cecilia Luna. La animaci\u00f3n musical estuvo a cargo de j\u00f3venes de la parroquia Santa Clara de As\u00eds, de la localidad de Santa Clara Del Mar.<\/p>\n\n\n\n<figure class=\"wp-block-image size-large\"><img loading=\"lazy\" width=\"1024\" height=\"768\" src=\"https:\/\/www.obispado-mdp.org.ar\/a\/wp-content\/uploads\/2024\/10\/WhatsApp-Image-2024-10-23-at-11.36.04-PM-1024x768.jpeg\" alt=\"\" class=\"wp-image-44758\"\/><\/figure>\n\n\n\n<figure class=\"wp-block-image size-large\"><img loading=\"lazy\" width=\"1024\" height=\"768\" src=\"https:\/\/www.obispado-mdp.org.ar\/a\/wp-content\/uploads\/2024\/10\/WhatsApp-Image-2024-10-23-at-11.35.39-PM-1024x768.jpeg\" alt=\"\" class=\"wp-image-44759\"\/><\/figure>\n\n\n\n<figure class=\"wp-block-image size-large\"><img loading=\"lazy\" width=\"1024\" height=\"478\" src=\"https:\/\/www.obispado-mdp.org.ar\/a\/wp-content\/uploads\/2024\/10\/WhatsApp-Image-2024-10-23-at-11.35.20-PM-1024x478.jpeg\" alt=\"\" class=\"wp-image-44760\"\/><\/figure>\n","protected":false},"excerpt":{"rendered":"<p>Bajo el lema \u201cSe\u00f1or ens\u00e9\u00f1anos a orar: el templo como lugar de oraci\u00f3n\u201d se llev\u00f3 a cabo el pasado s\u00e1bado 19 de octubre en instalaciones de la Escuela Universitaria de Teolog\u00eda, la Jornada Diocesana de Liturgia. Cerca de treinta agentes de pastoral lit\u00fargica de distintas comunidades parroquiales participaron de las charlas y compartieron los momentos [&hellip;]<\/p>\n","protected":false},"author":4,"featured_media":0,"comment_status":"open","ping_status":"open","sticky":false,"template":"","format":"standard","meta":{"_et_pb_use_builder":"","_et_pb_old_content":"","_et_gb_content_width":""},"categories":[4],"tags":[],"aioseo_notices":[],"_links":{"self":[{"href":"https:\/\/www.obispado-mdp.org.ar\/a\/wp-json\/wp\/v2\/posts\/44757"}],"collection":[{"href":"https:\/\/www.obispado-mdp.org.ar\/a\/wp-json\/wp\/v2\/posts"}],"about":[{"href":"https:\/\/www.obispado-mdp.org.ar\/a\/wp-json\/wp\/v2\/types\/post"}],"author":[{"embeddable":true,"href":"https:\/\/www.obispado-mdp.org.ar\/a\/wp-json\/wp\/v2\/users\/4"}],"replies":[{"embeddable":true,"href":"https:\/\/www.obispado-mdp.org.ar\/a\/wp-json\/wp\/v2\/comments?post=44757"}],"version-history":[{"count":1,"href":"https:\/\/www.obispado-mdp.org.ar\/a\/wp-json\/wp\/v2\/posts\/44757\/revisions"}],"predecessor-version":[{"id":44761,"href":"https:\/\/www.obispado-mdp.org.ar\/a\/wp-json\/wp\/v2\/posts\/44757\/revisions\/44761"}],"wp:attachment":[{"href":"https:\/\/www.obispado-mdp.org.ar\/a\/wp-json\/wp\/v2\/media?parent=44757"}],"wp:term":[{"taxonomy":"category","embeddable":true,"href":"https:\/\/www.obispado-mdp.org.ar\/a\/wp-json\/wp\/v2\/categories?post=44757"},{"taxonomy":"post_tag","embeddable":true,"href":"https:\/\/www.obispado-mdp.org.ar\/a\/wp-json\/wp\/v2\/tags?post=44757"}],"curies":[{"name":"wp","href":"https:\/\/api.w.org\/{rel}","templated":true}]}}