{"id":44762,"date":"2024-10-28T19:18:18","date_gmt":"2024-10-28T22:18:18","guid":{"rendered":"https:\/\/www.obispado-mdp.org.ar\/a\/?p=44762"},"modified":"2024-10-28T19:18:19","modified_gmt":"2024-10-28T22:18:19","slug":"ministros-extraordinarios-de-la-comunion-participaron-de-su-retiro-anual","status":"publish","type":"post","link":"https:\/\/www.obispado-mdp.org.ar\/a\/ministros-extraordinarios-de-la-comunion-participaron-de-su-retiro-anual\/","title":{"rendered":"Ministros Extraordinarios de la Comuni\u00f3n participaron de su retiro anual"},"content":{"rendered":"\n<p>M\u00e1s de trescientas personas que prestan su servicio en las comunidades parroquiales como Ministros Extraordinarios de la Comuni\u00f3n (MEC) participaron de un momento de oraci\u00f3n en la Parroquia Nuestra Se\u00f1ora de F\u00e1tima, de la ciudad de Mar del Plata.<\/p>\n\n\n\n<p>El encuentro comenz\u00f3 con una iluminaci\u00f3n a cargo del administrador apost\u00f3lico, monse\u00f1or Ernesto Giobando sj., la cual gir\u00f3 en torno a una homil\u00eda del papa Francisco en la Solemnidad del Corpus Christi.<\/p>\n\n\n\n<p>Finalmente los participantes del retiro participaron de un momento de adoraci\u00f3n eucar\u00edstica guiada por monse\u00f1or Giobando quien hac\u00eda sus reflexiones, que se intercalaban con cantos en honor al Sant\u00edsimo Sacramento.<\/p>\n\n\n\n<p><\/p>\n\n\n\n<figure class=\"wp-block-image size-large\"><img loading=\"lazy\" width=\"1024\" height=\"768\" src=\"https:\/\/www.obispado-mdp.org.ar\/a\/wp-content\/uploads\/2024\/10\/WhatsApp-Image-2024-10-26-at-10.20.47-AM-1024x768.jpeg\" alt=\"\" class=\"wp-image-44763\"\/><\/figure>\n\n\n\n<figure class=\"wp-block-image size-large\"><img loading=\"lazy\" width=\"1024\" height=\"768\" src=\"https:\/\/www.obispado-mdp.org.ar\/a\/wp-content\/uploads\/2024\/10\/WhatsApp-Image-2024-10-26-at-10.20.51-AM-1-1024x768.jpeg\" alt=\"\" class=\"wp-image-44764\"\/><\/figure>\n\n\n\n<figure class=\"wp-block-image size-large\"><img loading=\"lazy\" width=\"1024\" height=\"768\" src=\"https:\/\/www.obispado-mdp.org.ar\/a\/wp-content\/uploads\/2024\/10\/WhatsApp-Image-2024-10-26-at-10.20.52-AM-1024x768.jpeg\" alt=\"\" class=\"wp-image-44765\"\/><\/figure>\n","protected":false},"excerpt":{"rendered":"<p>M\u00e1s de trescientas personas que prestan su servicio en las comunidades parroquiales como Ministros Extraordinarios de la Comuni\u00f3n (MEC) participaron de un momento de oraci\u00f3n en la Parroquia Nuestra Se\u00f1ora de F\u00e1tima, de la ciudad de Mar del Plata. El encuentro comenz\u00f3 con una iluminaci\u00f3n a cargo del administrador apost\u00f3lico, monse\u00f1or Ernesto Giobando sj., la [&hellip;]<\/p>\n","protected":false},"author":4,"featured_media":0,"comment_status":"open","ping_status":"open","sticky":false,"template":"","format":"standard","meta":{"_et_pb_use_builder":"","_et_pb_old_content":"","_et_gb_content_width":""},"categories":[4],"tags":[],"aioseo_notices":[],"_links":{"self":[{"href":"https:\/\/www.obispado-mdp.org.ar\/a\/wp-json\/wp\/v2\/posts\/44762"}],"collection":[{"href":"https:\/\/www.obispado-mdp.org.ar\/a\/wp-json\/wp\/v2\/posts"}],"about":[{"href":"https:\/\/www.obispado-mdp.org.ar\/a\/wp-json\/wp\/v2\/types\/post"}],"author":[{"embeddable":true,"href":"https:\/\/www.obispado-mdp.org.ar\/a\/wp-json\/wp\/v2\/users\/4"}],"replies":[{"embeddable":true,"href":"https:\/\/www.obispado-mdp.org.ar\/a\/wp-json\/wp\/v2\/comments?post=44762"}],"version-history":[{"count":1,"href":"https:\/\/www.obispado-mdp.org.ar\/a\/wp-json\/wp\/v2\/posts\/44762\/revisions"}],"predecessor-version":[{"id":44766,"href":"https:\/\/www.obispado-mdp.org.ar\/a\/wp-json\/wp\/v2\/posts\/44762\/revisions\/44766"}],"wp:attachment":[{"href":"https:\/\/www.obispado-mdp.org.ar\/a\/wp-json\/wp\/v2\/media?parent=44762"}],"wp:term":[{"taxonomy":"category","embeddable":true,"href":"https:\/\/www.obispado-mdp.org.ar\/a\/wp-json\/wp\/v2\/categories?post=44762"},{"taxonomy":"post_tag","embeddable":true,"href":"https:\/\/www.obispado-mdp.org.ar\/a\/wp-json\/wp\/v2\/tags?post=44762"}],"curies":[{"name":"wp","href":"https:\/\/api.w.org\/{rel}","templated":true}]}}