{"id":44786,"date":"2024-11-08T09:11:35","date_gmt":"2024-11-08T12:11:35","guid":{"rendered":"https:\/\/www.obispado-mdp.org.ar\/a\/?p=44786"},"modified":"2024-11-08T09:11:36","modified_gmt":"2024-11-08T12:11:36","slug":"encuentro-diocesano-de-la-pastoral-de-la-salud-y-celebracion-de-san-artemides-zatti","status":"publish","type":"post","link":"https:\/\/www.obispado-mdp.org.ar\/a\/encuentro-diocesano-de-la-pastoral-de-la-salud-y-celebracion-de-san-artemides-zatti\/","title":{"rendered":"Encuentro diocesano de la Pastoral de la Salud y celebraci\u00f3n de San Art\u00e9mides Zatti"},"content":{"rendered":"\n<p>El pasado mi\u00e9rcoles 6 de noviembre la Pastoral de la Salud de la di\u00f3cesis particip\u00f3 de la Misa de acci\u00f3n de gracias que presidi\u00f3 monse\u00f1or Ernesto Giobando sj. en la Parroquia San Carlos Borromeo.<\/p>\n\n\n\n<p>La Eucarist\u00eda se celebr\u00f3 en torno a la festividad de San Art\u00e9mides Zatti, el \u201cenfermero de la Patagonia\u201d, que es Patrono de este apostolado.<\/p>\n\n\n\n<p>El Administrador Apost\u00f3lico resalt\u00f3 en su homil\u00eda la importancia de acercarnos al enfermo con una sonrisa y en lo posible de a dos. Pidi\u00f3 conservar como s\u00edntesis de la misi\u00f3n de agentes de Pastoral de la Salud las palabras \u201camar\u201d y \u201cservir\u201d.<\/p>\n\n\n\n<p>Junto a monse\u00f1or Giobando concelebraron el presb\u00edtero Silvano De Sarro, asesor de esa Pastoral, y los sacerdotes Juan Pablo Cayrol, Alberto Abelda\u00f1o y Miguel Cacciuto, y el Diacono Elio Urdiales. Al finalizar se invit\u00f3 a los presentes a compartir a un \u00e1gape fraterno.<\/p>\n\n\n\n<figure class=\"wp-block-image size-large\"><img loading=\"lazy\" width=\"1024\" height=\"768\" src=\"https:\/\/www.obispado-mdp.org.ar\/a\/wp-content\/uploads\/2024\/11\/WhatsApp-Image-2024-11-07-at-8.30.38-AM-1024x768.jpeg\" alt=\"\" class=\"wp-image-44787\"\/><\/figure>\n\n\n\n<figure class=\"wp-block-image size-large is-resized\"><img loading=\"lazy\" src=\"https:\/\/www.obispado-mdp.org.ar\/a\/wp-content\/uploads\/2024\/11\/WhatsApp-Image-2024-11-07-at-8.30.38-AM-2-768x1024.jpeg\" alt=\"\" class=\"wp-image-44788\" width=\"821\" height=\"1095\"\/><\/figure>\n\n\n\n<figure class=\"wp-block-image size-full\"><img loading=\"lazy\" width=\"925\" height=\"895\" src=\"https:\/\/www.obispado-mdp.org.ar\/a\/wp-content\/uploads\/2024\/11\/WhatsApp-Image-2024-11-07-at-8.30.41-AM.jpeg\" alt=\"\" class=\"wp-image-44790\"\/><\/figure>\n\n\n\n<figure class=\"wp-block-image size-large\"><img loading=\"lazy\" width=\"1024\" height=\"768\" src=\"https:\/\/www.obispado-mdp.org.ar\/a\/wp-content\/uploads\/2024\/11\/WhatsApp-Image-2024-11-07-at-8.30.39-AM-1024x768.jpeg\" alt=\"\" class=\"wp-image-44789\"\/><\/figure>\n","protected":false},"excerpt":{"rendered":"<p>El pasado mi\u00e9rcoles 6 de noviembre la Pastoral de la Salud de la di\u00f3cesis particip\u00f3 de la Misa de acci\u00f3n de gracias que presidi\u00f3 monse\u00f1or Ernesto Giobando sj. en la Parroquia San Carlos Borromeo. La Eucarist\u00eda se celebr\u00f3 en torno a la festividad de San Art\u00e9mides Zatti, el \u201cenfermero de la Patagonia\u201d, que es Patrono [&hellip;]<\/p>\n","protected":false},"author":4,"featured_media":0,"comment_status":"open","ping_status":"open","sticky":false,"template":"","format":"standard","meta":{"_et_pb_use_builder":"","_et_pb_old_content":"","_et_gb_content_width":""},"categories":[4],"tags":[],"aioseo_notices":[],"_links":{"self":[{"href":"https:\/\/www.obispado-mdp.org.ar\/a\/wp-json\/wp\/v2\/posts\/44786"}],"collection":[{"href":"https:\/\/www.obispado-mdp.org.ar\/a\/wp-json\/wp\/v2\/posts"}],"about":[{"href":"https:\/\/www.obispado-mdp.org.ar\/a\/wp-json\/wp\/v2\/types\/post"}],"author":[{"embeddable":true,"href":"https:\/\/www.obispado-mdp.org.ar\/a\/wp-json\/wp\/v2\/users\/4"}],"replies":[{"embeddable":true,"href":"https:\/\/www.obispado-mdp.org.ar\/a\/wp-json\/wp\/v2\/comments?post=44786"}],"version-history":[{"count":1,"href":"https:\/\/www.obispado-mdp.org.ar\/a\/wp-json\/wp\/v2\/posts\/44786\/revisions"}],"predecessor-version":[{"id":44791,"href":"https:\/\/www.obispado-mdp.org.ar\/a\/wp-json\/wp\/v2\/posts\/44786\/revisions\/44791"}],"wp:attachment":[{"href":"https:\/\/www.obispado-mdp.org.ar\/a\/wp-json\/wp\/v2\/media?parent=44786"}],"wp:term":[{"taxonomy":"category","embeddable":true,"href":"https:\/\/www.obispado-mdp.org.ar\/a\/wp-json\/wp\/v2\/categories?post=44786"},{"taxonomy":"post_tag","embeddable":true,"href":"https:\/\/www.obispado-mdp.org.ar\/a\/wp-json\/wp\/v2\/tags?post=44786"}],"curies":[{"name":"wp","href":"https:\/\/api.w.org\/{rel}","templated":true}]}}