{"id":44792,"date":"2024-11-01T16:33:00","date_gmt":"2024-11-01T19:33:00","guid":{"rendered":"https:\/\/www.obispado-mdp.org.ar\/a\/?p=44792"},"modified":"2024-11-08T16:34:15","modified_gmt":"2024-11-08T19:34:15","slug":"la-fiesta-de-los-santos-lleno-de-alegria-los-corazones-de-los-alumnos-de-3eros-anos-de-nivel-primario","status":"publish","type":"post","link":"https:\/\/www.obispado-mdp.org.ar\/a\/la-fiesta-de-los-santos-lleno-de-alegria-los-corazones-de-los-alumnos-de-3eros-anos-de-nivel-primario\/","title":{"rendered":"<strong>La \u201cFiesta de los Santos\u201d llen\u00f3 de alegr\u00eda los corazones de los alumnos de 3eros. a\u00f1os de nivel primario<\/strong>"},"content":{"rendered":"\n<p>La primera edici\u00f3n de la \u201cFiesta de los Santos\u201d tuvo lugar el pasado 1 de noviembre en instalaciones de la Escuela San Antonio, en Mar del Plata.<\/p>\n\n\n\n<p>Este evento que organiza el \u00c1rea de Pastoral de JuREC cont\u00f3 en esta ocasi\u00f3n con la participaci\u00f3n de m\u00e1s de 200 alumnos de 6 escuelas, que participaron junto a sus docentes. El lema \u201cTodos podemos ser santos\u201d ilumin\u00f3 los distintos momentos del encuentro, en el que no falt\u00f3 oraci\u00f3n pero tampoco juegos y m\u00fasica.<\/p>\n\n\n\n<p>La oraci\u00f3n final estuvo a cargo del administrador apost\u00f3lico, monse\u00f1or Ernesto Giobando, qui\u00e9n dialog\u00f3 con los ni\u00f1os y los anim\u00f3 a \u201cconectarse siempre con Jes\u00fas como lo hicieron los santos.\u201d<\/p>\n\n\n\n<p>Por parte de la JuREC se encontraban presentes el delegado episcopal de Educaci\u00f3n, presb\u00edtero Juan Cruz Mennilli; el presidente, Javier Sanchez; la vicepresidente, Lorena Carrero; el asesor del \u00c1rea de Pastoral, presb\u00edtero Gonzalo Domench; la coordinadora, Gabriela Tumini, y miembros del equipo organizador de esta fiesta, quienes asumieron la planificaci\u00f3n y animaci\u00f3n del encuentro.<\/p>\n\n\n\n<figure class=\"wp-block-image size-large\"><img loading=\"lazy\" width=\"1024\" height=\"683\" src=\"https:\/\/www.obispado-mdp.org.ar\/a\/wp-content\/uploads\/2024\/11\/465568489_1055156063287449_5202437703520458827_n-1024x683.jpg\" alt=\"\" class=\"wp-image-44793\"\/><\/figure>\n\n\n\n<figure class=\"wp-block-image size-large\"><img loading=\"lazy\" width=\"1024\" height=\"683\" src=\"https:\/\/www.obispado-mdp.org.ar\/a\/wp-content\/uploads\/2024\/11\/465789947_1055151493287906_4278791284158235242_n-1024x683.jpg\" alt=\"\" class=\"wp-image-44794\"\/><\/figure>\n\n\n\n<figure class=\"wp-block-image size-large\"><img loading=\"lazy\" width=\"1024\" height=\"683\" src=\"https:\/\/www.obispado-mdp.org.ar\/a\/wp-content\/uploads\/2024\/11\/465570869_1055151096621279_7607066527281743307_n-1024x683.jpg\" alt=\"\" class=\"wp-image-44795\"\/><\/figure>\n\n\n\n<figure class=\"wp-block-image size-large\"><img loading=\"lazy\" width=\"1024\" height=\"683\" src=\"https:\/\/www.obispado-mdp.org.ar\/a\/wp-content\/uploads\/2024\/11\/465795176_1055155383287517_1097105783562774547_n-1024x683.jpg\" alt=\"\" class=\"wp-image-44796\"\/><\/figure>\n\n\n\n<figure class=\"wp-block-image size-large\"><img loading=\"lazy\" width=\"1024\" height=\"683\" src=\"https:\/\/www.obispado-mdp.org.ar\/a\/wp-content\/uploads\/2024\/11\/465719679_1055150699954652_961955191164861477_n-1024x683.jpg\" alt=\"\" class=\"wp-image-44797\"\/><\/figure>\n\n\n\n<figure class=\"wp-block-image size-large\"><img loading=\"lazy\" width=\"1024\" height=\"683\" src=\"https:\/\/www.obispado-mdp.org.ar\/a\/wp-content\/uploads\/2024\/11\/465918668_1055152146621174_1071503197101410542_n-1024x683.jpg\" alt=\"\" class=\"wp-image-44798\"\/><\/figure>\n","protected":false},"excerpt":{"rendered":"<p>La primera edici\u00f3n de la \u201cFiesta de los Santos\u201d tuvo lugar el pasado 1 de noviembre en instalaciones de la Escuela San Antonio, en Mar del Plata. Este evento que organiza el \u00c1rea de Pastoral de JuREC cont\u00f3 en esta ocasi\u00f3n con la participaci\u00f3n de m\u00e1s de 200 alumnos de 6 escuelas, que participaron junto [&hellip;]<\/p>\n","protected":false},"author":4,"featured_media":0,"comment_status":"open","ping_status":"open","sticky":false,"template":"","format":"standard","meta":{"_et_pb_use_builder":"","_et_pb_old_content":"","_et_gb_content_width":""},"categories":[4],"tags":[],"aioseo_notices":[],"_links":{"self":[{"href":"https:\/\/www.obispado-mdp.org.ar\/a\/wp-json\/wp\/v2\/posts\/44792"}],"collection":[{"href":"https:\/\/www.obispado-mdp.org.ar\/a\/wp-json\/wp\/v2\/posts"}],"about":[{"href":"https:\/\/www.obispado-mdp.org.ar\/a\/wp-json\/wp\/v2\/types\/post"}],"author":[{"embeddable":true,"href":"https:\/\/www.obispado-mdp.org.ar\/a\/wp-json\/wp\/v2\/users\/4"}],"replies":[{"embeddable":true,"href":"https:\/\/www.obispado-mdp.org.ar\/a\/wp-json\/wp\/v2\/comments?post=44792"}],"version-history":[{"count":1,"href":"https:\/\/www.obispado-mdp.org.ar\/a\/wp-json\/wp\/v2\/posts\/44792\/revisions"}],"predecessor-version":[{"id":44799,"href":"https:\/\/www.obispado-mdp.org.ar\/a\/wp-json\/wp\/v2\/posts\/44792\/revisions\/44799"}],"wp:attachment":[{"href":"https:\/\/www.obispado-mdp.org.ar\/a\/wp-json\/wp\/v2\/media?parent=44792"}],"wp:term":[{"taxonomy":"category","embeddable":true,"href":"https:\/\/www.obispado-mdp.org.ar\/a\/wp-json\/wp\/v2\/categories?post=44792"},{"taxonomy":"post_tag","embeddable":true,"href":"https:\/\/www.obispado-mdp.org.ar\/a\/wp-json\/wp\/v2\/tags?post=44792"}],"curies":[{"name":"wp","href":"https:\/\/api.w.org\/{rel}","templated":true}]}}