{"id":44800,"date":"2024-11-02T16:35:00","date_gmt":"2024-11-02T19:35:00","guid":{"rendered":"https:\/\/www.obispado-mdp.org.ar\/a\/?p=44800"},"modified":"2024-11-08T16:40:23","modified_gmt":"2024-11-08T19:40:23","slug":"diversas-celebraciones-en-la-conmemoracion-de-los-fieles-difuntos","status":"publish","type":"post","link":"https:\/\/www.obispado-mdp.org.ar\/a\/diversas-celebraciones-en-la-conmemoracion-de-los-fieles-difuntos\/","title":{"rendered":"<strong>Diversas celebraciones en la Conmemoraci\u00f3n de los Fieles Difuntos<\/strong>"},"content":{"rendered":"\n<p><\/p>\n\n\n\n<p>El pasado s\u00e1bado 2 de noviembre la Iglesia celebra la Conmemoraci\u00f3n de los Fieles Difuntos, d\u00eda en el que se reza por las almas de quienes partieron a la casa del Padre. En nuestra di\u00f3cesis, adem\u00e1s de las Misas en las Parroquias y Capillas, se celebraron Misas en tres cementerios de Mar del Plata y en los de las localidades del interior. All\u00ed familiares y dem\u00e1s deudos de los difuntos pudieron elevar sus oraciones por sus seres queridos y fortalecer su fe con la Palabra de Dios y la Eucarist\u00eda.<\/p>\n\n\n\n<p>El administrador apost\u00f3lico, monse\u00f1or Ernesto Giobando sj. presidi\u00f3 la Santa Misa a las 15 horas en el Cementerio Parque Municipal, donde fue acompa\u00f1ado por el padre H\u00e9ctor D\u00edaz y algunos integrantes de la Pastoral del Duelo.<\/p>\n\n\n\n<p>Previamente, el viernes 1, monse\u00f1or Giobando presidi\u00f3 en Villa Gesell una Misa en la que se rez\u00f3 especialmente por las v\u00edctimas del derrumbe de un hotel en esa localidad. La misma fue concelebrada por el p\u00e1rroco de Inmaculada Concepci\u00f3n, presb\u00edtero Pablo Bosisio.<\/p>\n\n\n\n<p>\u201cCuando una persona est\u00e1 atravesando un dolor lo que podemos hacer es acercarnos para que ese dolor no sea lo \u00faltimo y definitivo sino que pueda germinar la esperanza a la que estamos llamados\u201d, destac\u00f3 en su homil\u00eda el Administrador Apost\u00f3lico.<\/p>\n\n\n\n<p>Y concluy\u00f3 encomendando la dif\u00edcil situaci\u00f3n \u201ca la Sant\u00edsima Virgen, que sabe lo que es tener un coraz\u00f3n atravesado por el dolor y las l\u00e1grimas cuando su Hijo mor\u00eda en la cruz, que nos d\u00e9 la gracia de poder sobrellevar las dificultades y dolores de esta vida.\u201d<\/p>\n\n\n\n<figure class=\"wp-block-image size-large\"><img loading=\"lazy\" width=\"1024\" height=\"768\" src=\"https:\/\/www.obispado-mdp.org.ar\/a\/wp-content\/uploads\/2024\/11\/Para-nombramientos-WEB-1024x768.png\" alt=\"\" class=\"wp-image-44803\"\/><\/figure>\n\n\n\n<figure class=\"wp-block-image size-full is-resized\"><img loading=\"lazy\" src=\"https:\/\/www.obispado-mdp.org.ar\/a\/wp-content\/uploads\/2024\/11\/WhatsApp-Image-2024-11-08-at-3.18.29-PM.jpeg\" alt=\"\" class=\"wp-image-44801\" width=\"821\" height=\"1141\"\/><\/figure>\n\n\n\n<figure class=\"wp-block-image size-large\"><img loading=\"lazy\" width=\"1024\" height=\"473\" src=\"https:\/\/www.obispado-mdp.org.ar\/a\/wp-content\/uploads\/2024\/11\/WhatsApp-Image-2024-11-08-at-3.18.28-PM-1024x473.jpeg\" alt=\"\" class=\"wp-image-44802\"\/><\/figure>\n\n\n\n<figure class=\"wp-block-image size-large\"><img loading=\"lazy\" width=\"1024\" height=\"556\" src=\"https:\/\/www.obispado-mdp.org.ar\/a\/wp-content\/uploads\/2024\/11\/WhatsApp-Image-2024-11-08-at-3.17.17-PM-1024x556.jpeg\" alt=\"\" class=\"wp-image-44804\"\/><\/figure>\n","protected":false},"excerpt":{"rendered":"<p>El pasado s\u00e1bado 2 de noviembre la Iglesia celebra la Conmemoraci\u00f3n de los Fieles Difuntos, d\u00eda en el que se reza por las almas de quienes partieron a la casa del Padre. En nuestra di\u00f3cesis, adem\u00e1s de las Misas en las Parroquias y Capillas, se celebraron Misas en tres cementerios de Mar del Plata y [&hellip;]<\/p>\n","protected":false},"author":4,"featured_media":0,"comment_status":"open","ping_status":"open","sticky":false,"template":"","format":"standard","meta":{"_et_pb_use_builder":"","_et_pb_old_content":"","_et_gb_content_width":""},"categories":[4],"tags":[],"aioseo_notices":[],"_links":{"self":[{"href":"https:\/\/www.obispado-mdp.org.ar\/a\/wp-json\/wp\/v2\/posts\/44800"}],"collection":[{"href":"https:\/\/www.obispado-mdp.org.ar\/a\/wp-json\/wp\/v2\/posts"}],"about":[{"href":"https:\/\/www.obispado-mdp.org.ar\/a\/wp-json\/wp\/v2\/types\/post"}],"author":[{"embeddable":true,"href":"https:\/\/www.obispado-mdp.org.ar\/a\/wp-json\/wp\/v2\/users\/4"}],"replies":[{"embeddable":true,"href":"https:\/\/www.obispado-mdp.org.ar\/a\/wp-json\/wp\/v2\/comments?post=44800"}],"version-history":[{"count":2,"href":"https:\/\/www.obispado-mdp.org.ar\/a\/wp-json\/wp\/v2\/posts\/44800\/revisions"}],"predecessor-version":[{"id":44806,"href":"https:\/\/www.obispado-mdp.org.ar\/a\/wp-json\/wp\/v2\/posts\/44800\/revisions\/44806"}],"wp:attachment":[{"href":"https:\/\/www.obispado-mdp.org.ar\/a\/wp-json\/wp\/v2\/media?parent=44800"}],"wp:term":[{"taxonomy":"category","embeddable":true,"href":"https:\/\/www.obispado-mdp.org.ar\/a\/wp-json\/wp\/v2\/categories?post=44800"},{"taxonomy":"post_tag","embeddable":true,"href":"https:\/\/www.obispado-mdp.org.ar\/a\/wp-json\/wp\/v2\/tags?post=44800"}],"curies":[{"name":"wp","href":"https:\/\/api.w.org\/{rel}","templated":true}]}}