{"id":44807,"date":"2024-11-11T21:46:58","date_gmt":"2024-11-12T00:46:58","guid":{"rendered":"https:\/\/www.obispado-mdp.org.ar\/a\/?p=44807"},"modified":"2024-11-11T22:08:39","modified_gmt":"2024-11-12T01:08:39","slug":"la-diocesis-de-mar-del-plata-peregrino-a-la-basilica-de-lujan","status":"publish","type":"post","link":"https:\/\/www.obispado-mdp.org.ar\/a\/la-diocesis-de-mar-del-plata-peregrino-a-la-basilica-de-lujan\/","title":{"rendered":"La di\u00f3cesis de Mar del Plata peregrin\u00f3 a la Bas\u00edlica de Luj\u00e1n"},"content":{"rendered":"\n<p>Cientos de fieles provenientes de las distintas localidades de la di\u00f3cesis de Mar del Plata participaron este domingo 10 de noviembre de la tradicional Peregrinaci\u00f3n Diocesana al Santuario de la Patrona de la Rep\u00fablica Argentina.<\/p>\n\n\n\n<p>Bajo el lema \u201cMadre, llevanos a los brazos de Jes\u00fas\u201d, los peregrinos compartieron distintos momentos, destac\u00e1ndose la Misa que presidi\u00f3 a las 8 de la ma\u00f1ana el administrador apost\u00f3lico de la di\u00f3cesis, monse\u00f1or Ernesto Giobando sj. y concelebraron los presb\u00edteros Juan Andr\u00e9s Rosso -coordinador de la peregrinaci\u00f3n-, Tom\u00e1s de la Riva y Daniel Climente. Los seminaristas diocesanos tambi\u00e9n participaron de las actividades.<\/p>\n\n\n\n<p>Por la tarde los fieles marplatenses llevaron adelante una procesi\u00f3n por el interior de la bas\u00edlica rezando el Santo Rosario, que concluy\u00f3 con un momento de adoraci\u00f3n al Sant\u00edsimo Sacramento.<\/p>\n\n\n\n<p>Finalmente, monse\u00f1or Giobando se dirigi\u00f3 junto a los fieles a la tumba donde descansan los restos del Beato Eduardo Francisco cardenal Pironio, segundo obispo de la di\u00f3cesis de Mar del Plata, ante cuya intercesi\u00f3n se encomendaron, rezando especialmente por la Iglesia Particular que lo tuvo como Pastor entre 1972 y 1975.<\/p>\n\n\n\n<p><\/p>\n\n\n\n<figure class=\"wp-block-image size-large\"><img loading=\"lazy\" width=\"1024\" height=\"768\" src=\"https:\/\/www.obispado-mdp.org.ar\/a\/wp-content\/uploads\/2024\/11\/Para-nombramientos-WEB-1-1-1024x768.png\" alt=\"\" class=\"wp-image-44817\"\/><\/figure>\n\n\n\n<figure class=\"wp-block-image size-large\"><img loading=\"lazy\" width=\"1024\" height=\"768\" src=\"https:\/\/www.obispado-mdp.org.ar\/a\/wp-content\/uploads\/2024\/11\/WhatsApp-Image-2024-11-11-at-11.20.24-AM-1024x768.jpeg\" alt=\"\" class=\"wp-image-44809\"\/><\/figure>\n\n\n\n<figure class=\"wp-block-image size-large\"><img loading=\"lazy\" width=\"1024\" height=\"768\" src=\"https:\/\/www.obispado-mdp.org.ar\/a\/wp-content\/uploads\/2024\/11\/WhatsApp-Image-2024-11-11-at-11.20.25-AM-1-1024x768.jpeg\" alt=\"\" class=\"wp-image-44810\"\/><\/figure>\n","protected":false},"excerpt":{"rendered":"<p>Cientos de fieles provenientes de las distintas localidades de la di\u00f3cesis de Mar del Plata participaron este domingo 10 de noviembre de la tradicional Peregrinaci\u00f3n Diocesana al Santuario de la Patrona de la Rep\u00fablica Argentina. Bajo el lema \u201cMadre, llevanos a los brazos de Jes\u00fas\u201d, los peregrinos compartieron distintos momentos, destac\u00e1ndose la Misa que presidi\u00f3 [&hellip;]<\/p>\n","protected":false},"author":4,"featured_media":0,"comment_status":"open","ping_status":"open","sticky":false,"template":"","format":"standard","meta":{"_et_pb_use_builder":"","_et_pb_old_content":"","_et_gb_content_width":""},"categories":[4],"tags":[],"aioseo_notices":[],"_links":{"self":[{"href":"https:\/\/www.obispado-mdp.org.ar\/a\/wp-json\/wp\/v2\/posts\/44807"}],"collection":[{"href":"https:\/\/www.obispado-mdp.org.ar\/a\/wp-json\/wp\/v2\/posts"}],"about":[{"href":"https:\/\/www.obispado-mdp.org.ar\/a\/wp-json\/wp\/v2\/types\/post"}],"author":[{"embeddable":true,"href":"https:\/\/www.obispado-mdp.org.ar\/a\/wp-json\/wp\/v2\/users\/4"}],"replies":[{"embeddable":true,"href":"https:\/\/www.obispado-mdp.org.ar\/a\/wp-json\/wp\/v2\/comments?post=44807"}],"version-history":[{"count":3,"href":"https:\/\/www.obispado-mdp.org.ar\/a\/wp-json\/wp\/v2\/posts\/44807\/revisions"}],"predecessor-version":[{"id":44818,"href":"https:\/\/www.obispado-mdp.org.ar\/a\/wp-json\/wp\/v2\/posts\/44807\/revisions\/44818"}],"wp:attachment":[{"href":"https:\/\/www.obispado-mdp.org.ar\/a\/wp-json\/wp\/v2\/media?parent=44807"}],"wp:term":[{"taxonomy":"category","embeddable":true,"href":"https:\/\/www.obispado-mdp.org.ar\/a\/wp-json\/wp\/v2\/categories?post=44807"},{"taxonomy":"post_tag","embeddable":true,"href":"https:\/\/www.obispado-mdp.org.ar\/a\/wp-json\/wp\/v2\/tags?post=44807"}],"curies":[{"name":"wp","href":"https:\/\/api.w.org\/{rel}","templated":true}]}}